{"id":94841,"date":"2026-08-14T18:06:26","date_gmt":"2026-08-14T15:06:26","guid":{"rendered":"https:\/\/armenia23.ru\/?p=94841"},"modified":"2026-08-14T18:06:26","modified_gmt":"2026-08-14T15:06:26","slug":"den-har-lilla-pojken-klippte-sitt-har-valdigt-kort-om-han-forst-sag-ut-som-en-flicka-ser-han-nu-helt-och-hallet-ut-som-en-pojke","status":"publish","type":"post","link":"https:\/\/armenia23.ru\/?p=94841","title":{"rendered":"Den h\u00e4r lilla pojken klippte sitt h\u00e5r v\u00e4ldigt kort. Om han f\u00f6rst s\u00e5g ut som en flicka, ser han nu helt och h\u00e5llet ut som en pojke."},"content":{"rendered":"<p>Den h\u00e4r lilla pojken best\u00e4mde sig f\u00f6r att g\u00f6ra en v\u00e4ldigt modig och ov\u00e4ntad f\u00f6r\u00e4ndring och klippte sitt h\u00e5r mycket kortare \u00e4n tidigare. Till en b\u00f6rjan, n\u00e4r han hade l\u00e4ngre h\u00e5r, s\u00e5g han s\u00e5 mycket ut som en liten flicka att det var l\u00e4tt att missta honom f\u00f6r en. Men efter klippningen f\u00f6r\u00e4ndrades hans utseende helt.<\/p>\n<p>F\u00f6rvandlingen \u00e4r verkligen \u00f6verraskande. Hans nya korta frisyr ger honom en helt annan look och framh\u00e4ver hans ansikte och ansiktsdrag p\u00e5 ett helt nytt s\u00e4tt. Det \u00e4r otroligt hur mycket en enkel h\u00e5rklippning kan f\u00f6r\u00e4ndra en persons utseende.<\/p>\n<p>Nu ser han helt annorlunda ut, och resultatet \u00e4r verkligen n\u00e5got du m\u00e5ste se med egna \u00f6gon. Ibland kan \u00e4ven en liten f\u00f6r\u00e4ndring av frisyren f\u00e5 en person att se ut som en helt annan version av sig sj\u00e4lv.<\/p>\n<p>Oavsett om du f\u00f6redrar hans l\u00e4ngre h\u00e5r eller hans nya korta stil g\u00e5r det inte att f\u00f6rneka att detta var en dramatisk f\u00f6rvandling. Skillnaden mellan f\u00f6re och efter \u00e4r otrolig, och du kanske blir f\u00f6rv\u00e5nad \u00f6ver hur annorlunda han ser ut nu.<\/p>\n<p>Se hela f\u00f6rvandlingen h\u00e4r och uppt\u00e4ck det fantastiska resultatet med egna \u00f6gon!<\/p>\n<p><img loading=\"lazy\" decoding=\"async\" src=\"https:\/\/armenia23.ru\/wp-content\/uploads\/2026\/08\/IMG_2227.jpeg\" alt=\"\" width=\"1179\" height=\"1982\" class=\"alignnone size-full wp-image-94823\" \/><\/p>\n","protected":false},"excerpt":{"rendered":"Den h\u00e4r lilla pojken best\u00e4mde sig f\u00f6r att g\u00f6ra en v\u00e4ldigt modig och ov\u00e4ntad f\u00f6r\u00e4ndring och klippte sitt h\u00e5r mycket kortare \u00e4n tidigare. \n<a class=\"moretag\" href=\"https:\/\/armenia23.ru\/?p=94841\"> [...]<\/a>","protected":false},"author":12,"featured_media":94824,"comment_status":"open","ping_status":"open","sticky":false,"template":"","format":"standard","meta":{"footnotes":""},"categories":[1027],"tags":[1028],"class_list":["post-94841","post","type-post","status-publish","format-standard","has-post-thumbnail","hentry","category-sweden","tag-sweden"],"yoast_head":"<!-- This site is optimized with the Yoast SEO plugin v26.8 - https:\/\/yoast.com\/product\/yoast-seo-wordpress\/ -->\n<title>Den h\u00e4r lilla pojken klippte sitt h\u00e5r v\u00e4ldigt kort. Om han f\u00f6rst s\u00e5g ut som en flicka, ser han nu helt och h\u00e5llet ut som en pojke. - NEWS FROM MEDIABLOG<\/title>\n<meta name=\"robots\" content=\"index, follow, max-snippet:-1, max-image-preview:large, max-video-preview:-1\" \/>\n<link rel=\"canonical\" href=\"https:\/\/armenia23.ru\/?p=94841\" \/>\n<meta property=\"og:locale\" content=\"en_US\" \/>\n<meta property=\"og:type\" content=\"article\" \/>\n<meta property=\"og:title\" content=\"Den h\u00e4r lilla pojken klippte sitt h\u00e5r v\u00e4ldigt kort. Om han f\u00f6rst s\u00e5g ut som en flicka, ser han nu helt och h\u00e5llet ut som en pojke. - NEWS FROM MEDIABLOG\" \/>\n<meta property=\"og:description\" content=\"Den h\u00e4r lilla pojken best\u00e4mde sig f\u00f6r att g\u00f6ra en v\u00e4ldigt modig och ov\u00e4ntad f\u00f6r\u00e4ndring och klippte sitt h\u00e5r mycket kortare \u00e4n tidigare.\" \/>\n<meta property=\"og:url\" content=\"https:\/\/armenia23.ru\/?p=94841\" \/>\n<meta property=\"og:site_name\" content=\"NEWS FROM MEDIABLOG\" \/>\n<meta property=\"article:published_time\" content=\"2026-08-14T15:06:26+00:00\" \/>\n<meta property=\"og:image\" content=\"https:\/\/armenia23.ru\/wp-content\/uploads\/2026\/08\/IMG_2226.jpeg\" \/>\n\t<meta property=\"og:image:width\" content=\"1179\" \/>\n\t<meta property=\"og:image:height\" content=\"1303\" \/>\n\t<meta property=\"og:image:type\" content=\"image\/jpeg\" \/>\n<meta name=\"author\" content=\"Lilit\" \/>\n<meta name=\"twitter:card\" content=\"summary_large_image\" \/>\n<meta name=\"twitter:label1\" content=\"Written by\" \/>\n\t<meta name=\"twitter:data1\" content=\"Lilit\" \/>\n<script type=\"application\/ld+json\" class=\"yoast-schema-graph\">{\"@context\":\"https:\/\/schema.org\",\"@graph\":[{\"@type\":\"Article\",\"@id\":\"https:\/\/armenia23.ru\/?p=94841#article\",\"isPartOf\":{\"@id\":\"https:\/\/armenia23.ru\/?p=94841\"},\"author\":{\"name\":\"Lilit\",\"@id\":\"https:\/\/armenia23.ru\/#\/schema\/person\/845ca1af7e1f316095ba4980804394c4\"},\"headline\":\"Den h\u00e4r lilla pojken klippte sitt h\u00e5r v\u00e4ldigt kort. Om han f\u00f6rst s\u00e5g ut som en flicka, ser han nu helt och h\u00e5llet ut som en pojke.\",\"datePublished\":\"2026-08-14T15:06:26+00:00\",\"mainEntityOfPage\":{\"@id\":\"https:\/\/armenia23.ru\/?p=94841\"},\"wordCount\":261,\"commentCount\":0,\"image\":{\"@id\":\"https:\/\/armenia23.ru\/?p=94841#primaryimage\"},\"thumbnailUrl\":\"https:\/\/armenia23.ru\/wp-content\/uploads\/2026\/08\/IMG_2226.jpeg\",\"keywords\":[\"Sweden\"],\"articleSection\":[\"Sweden\"],\"inLanguage\":\"en-US\",\"potentialAction\":[{\"@type\":\"CommentAction\",\"name\":\"Comment\",\"target\":[\"https:\/\/armenia23.ru\/?p=94841#respond\"]}]},{\"@type\":\"WebPage\",\"@id\":\"https:\/\/armenia23.ru\/?p=94841\",\"url\":\"https:\/\/armenia23.ru\/?p=94841\",\"name\":\"Den h\u00e4r lilla pojken klippte sitt h\u00e5r v\u00e4ldigt kort. Om han f\u00f6rst s\u00e5g ut som en flicka, ser han nu helt och h\u00e5llet ut som en pojke. - NEWS FROM MEDIABLOG\",\"isPartOf\":{\"@id\":\"https:\/\/armenia23.ru\/#website\"},\"primaryImageOfPage\":{\"@id\":\"https:\/\/armenia23.ru\/?p=94841#primaryimage\"},\"image\":{\"@id\":\"https:\/\/armenia23.ru\/?p=94841#primaryimage\"},\"thumbnailUrl\":\"https:\/\/armenia23.ru\/wp-content\/uploads\/2026\/08\/IMG_2226.jpeg\",\"datePublished\":\"2026-08-14T15:06:26+00:00\",\"author\":{\"@id\":\"https:\/\/armenia23.ru\/#\/schema\/person\/845ca1af7e1f316095ba4980804394c4\"},\"breadcrumb\":{\"@id\":\"https:\/\/armenia23.ru\/?p=94841#breadcrumb\"},\"inLanguage\":\"en-US\",\"potentialAction\":[{\"@type\":\"ReadAction\",\"target\":[\"https:\/\/armenia23.ru\/?p=94841\"]}]},{\"@type\":\"ImageObject\",\"inLanguage\":\"en-US\",\"@id\":\"https:\/\/armenia23.ru\/?p=94841#primaryimage\",\"url\":\"https:\/\/armenia23.ru\/wp-content\/uploads\/2026\/08\/IMG_2226.jpeg\",\"contentUrl\":\"https:\/\/armenia23.ru\/wp-content\/uploads\/2026\/08\/IMG_2226.jpeg\",\"width\":1179,\"height\":1303,\"caption\":\"Screenshot\"},{\"@type\":\"BreadcrumbList\",\"@id\":\"https:\/\/armenia23.ru\/?p=94841#breadcrumb\",\"itemListElement\":[{\"@type\":\"ListItem\",\"position\":1,\"name\":\"Home\",\"item\":\"https:\/\/armenia23.ru\/\"},{\"@type\":\"ListItem\",\"position\":2,\"name\":\"Den h\u00e4r lilla pojken klippte sitt h\u00e5r v\u00e4ldigt kort. Om han f\u00f6rst s\u00e5g ut som en flicka, ser han nu helt och h\u00e5llet ut som en pojke.\"}]},{\"@type\":\"WebSite\",\"@id\":\"https:\/\/armenia23.ru\/#website\",\"url\":\"https:\/\/armenia23.ru\/\",\"name\":\"NEWS FROM MEDIABLOG\",\"description\":\"LATEST UPDATES\",\"potentialAction\":[{\"@type\":\"SearchAction\",\"target\":{\"@type\":\"EntryPoint\",\"urlTemplate\":\"https:\/\/armenia23.ru\/?s={search_term_string}\"},\"query-input\":{\"@type\":\"PropertyValueSpecification\",\"valueRequired\":true,\"valueName\":\"search_term_string\"}}],\"inLanguage\":\"en-US\"},{\"@type\":\"Person\",\"@id\":\"https:\/\/armenia23.ru\/#\/schema\/person\/845ca1af7e1f316095ba4980804394c4\",\"name\":\"Lilit\",\"image\":{\"@type\":\"ImageObject\",\"inLanguage\":\"en-US\",\"@id\":\"https:\/\/armenia23.ru\/#\/schema\/person\/image\/\",\"url\":\"https:\/\/secure.gravatar.com\/avatar\/582a05008c72e19f9224ee585cdb987081c8437d671493a485e5a9e3e40fd25b?s=96&d=mm&r=g\",\"contentUrl\":\"https:\/\/secure.gravatar.com\/avatar\/582a05008c72e19f9224ee585cdb987081c8437d671493a485e5a9e3e40fd25b?s=96&d=mm&r=g\",\"caption\":\"Lilit\"},\"url\":\"https:\/\/armenia23.ru\/?author=12\"}]}<\/script>\n<!-- \/ Yoast SEO plugin. -->","yoast_head_json":{"title":"Den h\u00e4r lilla pojken klippte sitt h\u00e5r v\u00e4ldigt kort. Om han f\u00f6rst s\u00e5g ut som en flicka, ser han nu helt och h\u00e5llet ut som en pojke. - NEWS FROM MEDIABLOG","robots":{"index":"index","follow":"follow","max-snippet":"max-snippet:-1","max-image-preview":"max-image-preview:large","max-video-preview":"max-video-preview:-1"},"canonical":"https:\/\/armenia23.ru\/?p=94841","og_locale":"en_US","og_type":"article","og_title":"Den h\u00e4r lilla pojken klippte sitt h\u00e5r v\u00e4ldigt kort. Om han f\u00f6rst s\u00e5g ut som en flicka, ser han nu helt och h\u00e5llet ut som en pojke. - NEWS FROM MEDIABLOG","og_description":"Den h\u00e4r lilla pojken best\u00e4mde sig f\u00f6r att g\u00f6ra en v\u00e4ldigt modig och ov\u00e4ntad f\u00f6r\u00e4ndring och klippte sitt h\u00e5r mycket kortare \u00e4n tidigare.","og_url":"https:\/\/armenia23.ru\/?p=94841","og_site_name":"NEWS FROM MEDIABLOG","article_published_time":"2026-08-14T15:06:26+00:00","og_image":[{"width":1179,"height":1303,"url":"https:\/\/armenia23.ru\/wp-content\/uploads\/2026\/08\/IMG_2226.jpeg","type":"image\/jpeg"}],"author":"Lilit","twitter_card":"summary_large_image","twitter_misc":{"Written by":"Lilit"},"schema":{"@context":"https:\/\/schema.org","@graph":[{"@type":"Article","@id":"https:\/\/armenia23.ru\/?p=94841#article","isPartOf":{"@id":"https:\/\/armenia23.ru\/?p=94841"},"author":{"name":"Lilit","@id":"https:\/\/armenia23.ru\/#\/schema\/person\/845ca1af7e1f316095ba4980804394c4"},"headline":"Den h\u00e4r lilla pojken klippte sitt h\u00e5r v\u00e4ldigt kort. Om han f\u00f6rst s\u00e5g ut som en flicka, ser han nu helt och h\u00e5llet ut som en pojke.","datePublished":"2026-08-14T15:06:26+00:00","mainEntityOfPage":{"@id":"https:\/\/armenia23.ru\/?p=94841"},"wordCount":261,"commentCount":0,"image":{"@id":"https:\/\/armenia23.ru\/?p=94841#primaryimage"},"thumbnailUrl":"https:\/\/armenia23.ru\/wp-content\/uploads\/2026\/08\/IMG_2226.jpeg","keywords":["Sweden"],"articleSection":["Sweden"],"inLanguage":"en-US","potentialAction":[{"@type":"CommentAction","name":"Comment","target":["https:\/\/armenia23.ru\/?p=94841#respond"]}]},{"@type":"WebPage","@id":"https:\/\/armenia23.ru\/?p=94841","url":"https:\/\/armenia23.ru\/?p=94841","name":"Den h\u00e4r lilla pojken klippte sitt h\u00e5r v\u00e4ldigt kort. Om han f\u00f6rst s\u00e5g ut som en flicka, ser han nu helt och h\u00e5llet ut som en pojke. - NEWS FROM MEDIABLOG","isPartOf":{"@id":"https:\/\/armenia23.ru\/#website"},"primaryImageOfPage":{"@id":"https:\/\/armenia23.ru\/?p=94841#primaryimage"},"image":{"@id":"https:\/\/armenia23.ru\/?p=94841#primaryimage"},"thumbnailUrl":"https:\/\/armenia23.ru\/wp-content\/uploads\/2026\/08\/IMG_2226.jpeg","datePublished":"2026-08-14T15:06:26+00:00","author":{"@id":"https:\/\/armenia23.ru\/#\/schema\/person\/845ca1af7e1f316095ba4980804394c4"},"breadcrumb":{"@id":"https:\/\/armenia23.ru\/?p=94841#breadcrumb"},"inLanguage":"en-US","potentialAction":[{"@type":"ReadAction","target":["https:\/\/armenia23.ru\/?p=94841"]}]},{"@type":"ImageObject","inLanguage":"en-US","@id":"https:\/\/armenia23.ru\/?p=94841#primaryimage","url":"https:\/\/armenia23.ru\/wp-content\/uploads\/2026\/08\/IMG_2226.jpeg","contentUrl":"https:\/\/armenia23.ru\/wp-content\/uploads\/2026\/08\/IMG_2226.jpeg","width":1179,"height":1303,"caption":"Screenshot"},{"@type":"BreadcrumbList","@id":"https:\/\/armenia23.ru\/?p=94841#breadcrumb","itemListElement":[{"@type":"ListItem","position":1,"name":"Home","item":"https:\/\/armenia23.ru\/"},{"@type":"ListItem","position":2,"name":"Den h\u00e4r lilla pojken klippte sitt h\u00e5r v\u00e4ldigt kort. Om han f\u00f6rst s\u00e5g ut som en flicka, ser han nu helt och h\u00e5llet ut som en pojke."}]},{"@type":"WebSite","@id":"https:\/\/armenia23.ru\/#website","url":"https:\/\/armenia23.ru\/","name":"NEWS FROM MEDIABLOG","description":"LATEST UPDATES","potentialAction":[{"@type":"SearchAction","target":{"@type":"EntryPoint","urlTemplate":"https:\/\/armenia23.ru\/?s={search_term_string}"},"query-input":{"@type":"PropertyValueSpecification","valueRequired":true,"valueName":"search_term_string"}}],"inLanguage":"en-US"},{"@type":"Person","@id":"https:\/\/armenia23.ru\/#\/schema\/person\/845ca1af7e1f316095ba4980804394c4","name":"Lilit","image":{"@type":"ImageObject","inLanguage":"en-US","@id":"https:\/\/armenia23.ru\/#\/schema\/person\/image\/","url":"https:\/\/secure.gravatar.com\/avatar\/582a05008c72e19f9224ee585cdb987081c8437d671493a485e5a9e3e40fd25b?s=96&d=mm&r=g","contentUrl":"https:\/\/secure.gravatar.com\/avatar\/582a05008c72e19f9224ee585cdb987081c8437d671493a485e5a9e3e40fd25b?s=96&d=mm&r=g","caption":"Lilit"},"url":"https:\/\/armenia23.ru\/?author=12"}]}},"_links":{"self":[{"href":"https:\/\/armenia23.ru\/index.php?rest_route=\/wp\/v2\/posts\/94841","targetHints":{"allow":["GET"]}}],"collection":[{"href":"https:\/\/armenia23.ru\/index.php?rest_route=\/wp\/v2\/posts"}],"about":[{"href":"https:\/\/armenia23.ru\/index.php?rest_route=\/wp\/v2\/types\/post"}],"author":[{"embeddable":true,"href":"https:\/\/armenia23.ru\/index.php?rest_route=\/wp\/v2\/users\/12"}],"replies":[{"embeddable":true,"href":"https:\/\/armenia23.ru\/index.php?rest_route=%2Fwp%2Fv2%2Fcomments&post=94841"}],"version-history":[{"count":1,"href":"https:\/\/armenia23.ru\/index.php?rest_route=\/wp\/v2\/posts\/94841\/revisions"}],"predecessor-version":[{"id":94842,"href":"https:\/\/armenia23.ru\/index.php?rest_route=\/wp\/v2\/posts\/94841\/revisions\/94842"}],"wp:featuredmedia":[{"embeddable":true,"href":"https:\/\/armenia23.ru\/index.php?rest_route=\/wp\/v2\/media\/94824"}],"wp:attachment":[{"href":"https:\/\/armenia23.ru\/index.php?rest_route=%2Fwp%2Fv2%2Fmedia&parent=94841"}],"wp:term":[{"taxonomy":"category","embeddable":true,"href":"https:\/\/armenia23.ru\/index.php?rest_route=%2Fwp%2Fv2%2Fcategories&post=94841"},{"taxonomy":"post_tag","embeddable":true,"href":"https:\/\/armenia23.ru\/index.php?rest_route=%2Fwp%2Fv2%2Ftags&post=94841"}],"curies":[{"name":"wp","href":"https:\/\/api.w.org\/{rel}","templated":true}]}}