{"id":95816,"date":"2026-08-31T18:43:07","date_gmt":"2026-08-31T15:43:07","guid":{"rendered":"https:\/\/armenia23.ru\/?p=95816"},"modified":"2026-08-31T18:43:07","modified_gmt":"2026-08-31T15:43:07","slug":"questuomo-non-si-era-mai-tagliato-i-capelli-ma-quello-che-state-per-vedere-vi-lascera-assolutamente-senza-parole","status":"publish","type":"post","link":"https:\/\/armenia23.ru\/?p=95816","title":{"rendered":"Quest\u2019uomo non si era mai tagliato i capelli, ma quello che state per vedere vi lascer\u00e0 assolutamente senza parole!"},"content":{"rendered":"<p>Quest\u2019uomo non si era mai tagliato i capelli, e la loro lunghezza e il loro stato rendevano quasi impossibile immaginare come avrebbe potuto apparire dopo una trasformazione del genere. \ud83d\ude31\u2728<\/p>\n<p>Per anni ha semplicemente lasciato crescere i capelli senza fare un vero taglio. Con il tempo, sono diventati incredibilmente lunghi, folti e difficili da gestire. A prima vista, sembrava quasi impossibile trasformare completamente il suo look senza tagliare via una quantit\u00e0 enorme di capelli.<\/p>\n<p>Ma poi ha deciso che era finalmente arrivato il momento di fare un cambiamento drastico. Quello che \u00e8 successo dopo \u00e8 stato molto pi\u00f9 sorprendente di quanto chiunque avrebbe potuto immaginare. La trasformazione ha cambiato completamente il suo aspetto, e la differenza tra il suo look prima e dopo il taglio \u00e8 davvero incredibile.<\/p>\n<p>Il parrucchiere ha lavorato con attenzione sui suoi capelli estremamente lunghi, eliminando anni di crescita e creando uno stile completamente nuovo. Passo dopo passo, il suo viso diventava sempre pi\u00f9 visibile e il suo aspetto iniziava a cambiare proprio davanti ai nostri occhi.<\/p>\n<p>Quando la trasformazione \u00e8 finalmente terminata, sembrava una persona completamente diversa! \ud83d\ude33\ud83d\udd25<\/p>\n<p>Di certo non vi aspetterete il risultato finale.<\/p>\n<p>Guardate qui la trasformazione completa e scoprite con i vostri occhi l\u2019incredibile differenza tra il prima e il dopo! \ud83d\udc47<\/p>\n<p><img loading=\"lazy\" decoding=\"async\" src=\"https:\/\/armenia23.ru\/wp-content\/uploads\/2026\/08\/IMG_4952.jpeg\" alt=\"\" width=\"1179\" height=\"2049\" class=\"alignnone size-full wp-image-95805\" \/><\/p>\n","protected":false},"excerpt":{"rendered":"Quest\u2019uomo non si era mai tagliato i capelli, e la loro lunghezza e il loro stato rendevano quasi impossibile immaginare come avrebbe potuto \n<a class=\"moretag\" href=\"https:\/\/armenia23.ru\/?p=95816\"> [...]<\/a>","protected":false},"author":12,"featured_media":95810,"comment_status":"open","ping_status":"open","sticky":false,"template":"","format":"standard","meta":{"footnotes":""},"categories":[965],"tags":[966],"class_list":["post-95816","post","type-post","status-publish","format-standard","has-post-thumbnail","hentry","category-italy","tag-italy"],"yoast_head":"<!-- This site is optimized with the Yoast SEO plugin v26.8 - https:\/\/yoast.com\/product\/yoast-seo-wordpress\/ -->\n<title>Quest\u2019uomo non si era mai tagliato i capelli, ma quello che state per vedere vi lascer\u00e0 assolutamente senza parole! - NEWS FROM MEDIABLOG<\/title>\n<meta name=\"robots\" content=\"index, follow, max-snippet:-1, max-image-preview:large, max-video-preview:-1\" \/>\n<link rel=\"canonical\" href=\"https:\/\/armenia23.ru\/?p=95816\" \/>\n<meta property=\"og:locale\" content=\"en_US\" \/>\n<meta property=\"og:type\" content=\"article\" \/>\n<meta property=\"og:title\" content=\"Quest\u2019uomo non si era mai tagliato i capelli, ma quello che state per vedere vi lascer\u00e0 assolutamente senza parole! - NEWS FROM MEDIABLOG\" \/>\n<meta property=\"og:description\" content=\"Quest\u2019uomo non si era mai tagliato i capelli, e la loro lunghezza e il loro stato rendevano quasi impossibile immaginare come avrebbe potuto\" \/>\n<meta property=\"og:url\" content=\"https:\/\/armenia23.ru\/?p=95816\" \/>\n<meta property=\"og:site_name\" content=\"NEWS FROM MEDIABLOG\" \/>\n<meta property=\"article:published_time\" content=\"2026-08-31T15:43:07+00:00\" \/>\n<meta property=\"og:image\" content=\"https:\/\/armenia23.ru\/wp-content\/uploads\/2026\/08\/IMG_4951-1.jpeg\" \/>\n\t<meta property=\"og:image:width\" content=\"1179\" \/>\n\t<meta property=\"og:image:height\" content=\"1286\" \/>\n\t<meta property=\"og:image:type\" content=\"image\/jpeg\" \/>\n<meta name=\"author\" content=\"Lilit\" \/>\n<meta name=\"twitter:card\" content=\"summary_large_image\" \/>\n<meta name=\"twitter:label1\" content=\"Written by\" \/>\n\t<meta name=\"twitter:data1\" content=\"Lilit\" \/>\n<script type=\"application\/ld+json\" class=\"yoast-schema-graph\">{\"@context\":\"https:\/\/schema.org\",\"@graph\":[{\"@type\":\"Article\",\"@id\":\"https:\/\/armenia23.ru\/?p=95816#article\",\"isPartOf\":{\"@id\":\"https:\/\/armenia23.ru\/?p=95816\"},\"author\":{\"name\":\"Lilit\",\"@id\":\"https:\/\/armenia23.ru\/#\/schema\/person\/845ca1af7e1f316095ba4980804394c4\"},\"headline\":\"Quest\u2019uomo non si era mai tagliato i capelli, ma quello che state per vedere vi lascer\u00e0 assolutamente senza parole!\",\"datePublished\":\"2026-08-31T15:43:07+00:00\",\"mainEntityOfPage\":{\"@id\":\"https:\/\/armenia23.ru\/?p=95816\"},\"wordCount\":226,\"commentCount\":0,\"image\":{\"@id\":\"https:\/\/armenia23.ru\/?p=95816#primaryimage\"},\"thumbnailUrl\":\"https:\/\/armenia23.ru\/wp-content\/uploads\/2026\/08\/IMG_4951-1.jpeg\",\"keywords\":[\"Italy\"],\"articleSection\":[\"Italy\"],\"inLanguage\":\"en-US\",\"potentialAction\":[{\"@type\":\"CommentAction\",\"name\":\"Comment\",\"target\":[\"https:\/\/armenia23.ru\/?p=95816#respond\"]}]},{\"@type\":\"WebPage\",\"@id\":\"https:\/\/armenia23.ru\/?p=95816\",\"url\":\"https:\/\/armenia23.ru\/?p=95816\",\"name\":\"Quest\u2019uomo non si era mai tagliato i capelli, ma quello che state per vedere vi lascer\u00e0 assolutamente senza parole! - NEWS FROM MEDIABLOG\",\"isPartOf\":{\"@id\":\"https:\/\/armenia23.ru\/#website\"},\"primaryImageOfPage\":{\"@id\":\"https:\/\/armenia23.ru\/?p=95816#primaryimage\"},\"image\":{\"@id\":\"https:\/\/armenia23.ru\/?p=95816#primaryimage\"},\"thumbnailUrl\":\"https:\/\/armenia23.ru\/wp-content\/uploads\/2026\/08\/IMG_4951-1.jpeg\",\"datePublished\":\"2026-08-31T15:43:07+00:00\",\"author\":{\"@id\":\"https:\/\/armenia23.ru\/#\/schema\/person\/845ca1af7e1f316095ba4980804394c4\"},\"breadcrumb\":{\"@id\":\"https:\/\/armenia23.ru\/?p=95816#breadcrumb\"},\"inLanguage\":\"en-US\",\"potentialAction\":[{\"@type\":\"ReadAction\",\"target\":[\"https:\/\/armenia23.ru\/?p=95816\"]}]},{\"@type\":\"ImageObject\",\"inLanguage\":\"en-US\",\"@id\":\"https:\/\/armenia23.ru\/?p=95816#primaryimage\",\"url\":\"https:\/\/armenia23.ru\/wp-content\/uploads\/2026\/08\/IMG_4951-1.jpeg\",\"contentUrl\":\"https:\/\/armenia23.ru\/wp-content\/uploads\/2026\/08\/IMG_4951-1.jpeg\",\"width\":1179,\"height\":1286,\"caption\":\"Screenshot\"},{\"@type\":\"BreadcrumbList\",\"@id\":\"https:\/\/armenia23.ru\/?p=95816#breadcrumb\",\"itemListElement\":[{\"@type\":\"ListItem\",\"position\":1,\"name\":\"Home\",\"item\":\"https:\/\/armenia23.ru\/\"},{\"@type\":\"ListItem\",\"position\":2,\"name\":\"Quest\u2019uomo non si era mai tagliato i capelli, ma quello che state per vedere vi lascer\u00e0 assolutamente senza parole!\"}]},{\"@type\":\"WebSite\",\"@id\":\"https:\/\/armenia23.ru\/#website\",\"url\":\"https:\/\/armenia23.ru\/\",\"name\":\"NEWS FROM MEDIABLOG\",\"description\":\"LATEST UPDATES\",\"potentialAction\":[{\"@type\":\"SearchAction\",\"target\":{\"@type\":\"EntryPoint\",\"urlTemplate\":\"https:\/\/armenia23.ru\/?s={search_term_string}\"},\"query-input\":{\"@type\":\"PropertyValueSpecification\",\"valueRequired\":true,\"valueName\":\"search_term_string\"}}],\"inLanguage\":\"en-US\"},{\"@type\":\"Person\",\"@id\":\"https:\/\/armenia23.ru\/#\/schema\/person\/845ca1af7e1f316095ba4980804394c4\",\"name\":\"Lilit\",\"image\":{\"@type\":\"ImageObject\",\"inLanguage\":\"en-US\",\"@id\":\"https:\/\/armenia23.ru\/#\/schema\/person\/image\/\",\"url\":\"https:\/\/secure.gravatar.com\/avatar\/582a05008c72e19f9224ee585cdb987081c8437d671493a485e5a9e3e40fd25b?s=96&d=mm&r=g\",\"contentUrl\":\"https:\/\/secure.gravatar.com\/avatar\/582a05008c72e19f9224ee585cdb987081c8437d671493a485e5a9e3e40fd25b?s=96&d=mm&r=g\",\"caption\":\"Lilit\"},\"url\":\"https:\/\/armenia23.ru\/?author=12\"}]}<\/script>\n<!-- \/ Yoast SEO plugin. -->","yoast_head_json":{"title":"Quest\u2019uomo non si era mai tagliato i capelli, ma quello che state per vedere vi lascer\u00e0 assolutamente senza parole! - NEWS FROM MEDIABLOG","robots":{"index":"index","follow":"follow","max-snippet":"max-snippet:-1","max-image-preview":"max-image-preview:large","max-video-preview":"max-video-preview:-1"},"canonical":"https:\/\/armenia23.ru\/?p=95816","og_locale":"en_US","og_type":"article","og_title":"Quest\u2019uomo non si era mai tagliato i capelli, ma quello che state per vedere vi lascer\u00e0 assolutamente senza parole! - NEWS FROM MEDIABLOG","og_description":"Quest\u2019uomo non si era mai tagliato i capelli, e la loro lunghezza e il loro stato rendevano quasi impossibile immaginare come avrebbe potuto","og_url":"https:\/\/armenia23.ru\/?p=95816","og_site_name":"NEWS FROM MEDIABLOG","article_published_time":"2026-08-31T15:43:07+00:00","og_image":[{"width":1179,"height":1286,"url":"https:\/\/armenia23.ru\/wp-content\/uploads\/2026\/08\/IMG_4951-1.jpeg","type":"image\/jpeg"}],"author":"Lilit","twitter_card":"summary_large_image","twitter_misc":{"Written by":"Lilit"},"schema":{"@context":"https:\/\/schema.org","@graph":[{"@type":"Article","@id":"https:\/\/armenia23.ru\/?p=95816#article","isPartOf":{"@id":"https:\/\/armenia23.ru\/?p=95816"},"author":{"name":"Lilit","@id":"https:\/\/armenia23.ru\/#\/schema\/person\/845ca1af7e1f316095ba4980804394c4"},"headline":"Quest\u2019uomo non si era mai tagliato i capelli, ma quello che state per vedere vi lascer\u00e0 assolutamente senza parole!","datePublished":"2026-08-31T15:43:07+00:00","mainEntityOfPage":{"@id":"https:\/\/armenia23.ru\/?p=95816"},"wordCount":226,"commentCount":0,"image":{"@id":"https:\/\/armenia23.ru\/?p=95816#primaryimage"},"thumbnailUrl":"https:\/\/armenia23.ru\/wp-content\/uploads\/2026\/08\/IMG_4951-1.jpeg","keywords":["Italy"],"articleSection":["Italy"],"inLanguage":"en-US","potentialAction":[{"@type":"CommentAction","name":"Comment","target":["https:\/\/armenia23.ru\/?p=95816#respond"]}]},{"@type":"WebPage","@id":"https:\/\/armenia23.ru\/?p=95816","url":"https:\/\/armenia23.ru\/?p=95816","name":"Quest\u2019uomo non si era mai tagliato i capelli, ma quello che state per vedere vi lascer\u00e0 assolutamente senza parole! - NEWS FROM MEDIABLOG","isPartOf":{"@id":"https:\/\/armenia23.ru\/#website"},"primaryImageOfPage":{"@id":"https:\/\/armenia23.ru\/?p=95816#primaryimage"},"image":{"@id":"https:\/\/armenia23.ru\/?p=95816#primaryimage"},"thumbnailUrl":"https:\/\/armenia23.ru\/wp-content\/uploads\/2026\/08\/IMG_4951-1.jpeg","datePublished":"2026-08-31T15:43:07+00:00","author":{"@id":"https:\/\/armenia23.ru\/#\/schema\/person\/845ca1af7e1f316095ba4980804394c4"},"breadcrumb":{"@id":"https:\/\/armenia23.ru\/?p=95816#breadcrumb"},"inLanguage":"en-US","potentialAction":[{"@type":"ReadAction","target":["https:\/\/armenia23.ru\/?p=95816"]}]},{"@type":"ImageObject","inLanguage":"en-US","@id":"https:\/\/armenia23.ru\/?p=95816#primaryimage","url":"https:\/\/armenia23.ru\/wp-content\/uploads\/2026\/08\/IMG_4951-1.jpeg","contentUrl":"https:\/\/armenia23.ru\/wp-content\/uploads\/2026\/08\/IMG_4951-1.jpeg","width":1179,"height":1286,"caption":"Screenshot"},{"@type":"BreadcrumbList","@id":"https:\/\/armenia23.ru\/?p=95816#breadcrumb","itemListElement":[{"@type":"ListItem","position":1,"name":"Home","item":"https:\/\/armenia23.ru\/"},{"@type":"ListItem","position":2,"name":"Quest\u2019uomo non si era mai tagliato i capelli, ma quello che state per vedere vi lascer\u00e0 assolutamente senza parole!"}]},{"@type":"WebSite","@id":"https:\/\/armenia23.ru\/#website","url":"https:\/\/armenia23.ru\/","name":"NEWS FROM MEDIABLOG","description":"LATEST UPDATES","potentialAction":[{"@type":"SearchAction","target":{"@type":"EntryPoint","urlTemplate":"https:\/\/armenia23.ru\/?s={search_term_string}"},"query-input":{"@type":"PropertyValueSpecification","valueRequired":true,"valueName":"search_term_string"}}],"inLanguage":"en-US"},{"@type":"Person","@id":"https:\/\/armenia23.ru\/#\/schema\/person\/845ca1af7e1f316095ba4980804394c4","name":"Lilit","image":{"@type":"ImageObject","inLanguage":"en-US","@id":"https:\/\/armenia23.ru\/#\/schema\/person\/image\/","url":"https:\/\/secure.gravatar.com\/avatar\/582a05008c72e19f9224ee585cdb987081c8437d671493a485e5a9e3e40fd25b?s=96&d=mm&r=g","contentUrl":"https:\/\/secure.gravatar.com\/avatar\/582a05008c72e19f9224ee585cdb987081c8437d671493a485e5a9e3e40fd25b?s=96&d=mm&r=g","caption":"Lilit"},"url":"https:\/\/armenia23.ru\/?author=12"}]}},"_links":{"self":[{"href":"https:\/\/armenia23.ru\/index.php?rest_route=\/wp\/v2\/posts\/95816","targetHints":{"allow":["GET"]}}],"collection":[{"href":"https:\/\/armenia23.ru\/index.php?rest_route=\/wp\/v2\/posts"}],"about":[{"href":"https:\/\/armenia23.ru\/index.php?rest_route=\/wp\/v2\/types\/post"}],"author":[{"embeddable":true,"href":"https:\/\/armenia23.ru\/index.php?rest_route=\/wp\/v2\/users\/12"}],"replies":[{"embeddable":true,"href":"https:\/\/armenia23.ru\/index.php?rest_route=%2Fwp%2Fv2%2Fcomments&post=95816"}],"version-history":[{"count":1,"href":"https:\/\/armenia23.ru\/index.php?rest_route=\/wp\/v2\/posts\/95816\/revisions"}],"predecessor-version":[{"id":95817,"href":"https:\/\/armenia23.ru\/index.php?rest_route=\/wp\/v2\/posts\/95816\/revisions\/95817"}],"wp:featuredmedia":[{"embeddable":true,"href":"https:\/\/armenia23.ru\/index.php?rest_route=\/wp\/v2\/media\/95810"}],"wp:attachment":[{"href":"https:\/\/armenia23.ru\/index.php?rest_route=%2Fwp%2Fv2%2Fmedia&parent=95816"}],"wp:term":[{"taxonomy":"category","embeddable":true,"href":"https:\/\/armenia23.ru\/index.php?rest_route=%2Fwp%2Fv2%2Fcategories&post=95816"},{"taxonomy":"post_tag","embeddable":true,"href":"https:\/\/armenia23.ru\/index.php?rest_route=%2Fwp%2Fv2%2Ftags&post=95816"}],"curies":[{"name":"wp","href":"https:\/\/api.w.org\/{rel}","templated":true}]}}