{"id":95906,"date":"2026-09-01T21:46:40","date_gmt":"2026-09-01T18:46:40","guid":{"rendered":"https:\/\/armenia23.ru\/?p=95906"},"modified":"2026-09-01T21:46:40","modified_gmt":"2026-09-01T18:46:40","slug":"tahle-divka-si-nechala-ostrihat-vlasy-neuveritelne-nakratko-a-vysledek-sokoval-cely-internet-%f0%9f%98%b1%e2%9c%a8-vsichni-mluvi-o-teto-promene","status":"publish","type":"post","link":"https:\/\/armenia23.ru\/?p=95906","title":{"rendered":"Tahle d\u00edvka si nechala ost\u0159\u00edhat vlasy neuv\u011b\u0159iteln\u011b nakr\u00e1tko a v\u00fdsledek \u0161okoval cel\u00fd internet! \ud83d\ude31\u2728 V\u0161ichni mluv\u00ed o t\u00e9to prom\u011bn\u011b."},"content":{"rendered":"<p>V \u017eivot\u011b jste je\u0161t\u011b nevid\u011bli tak neuv\u011b\u0159itelnou prom\u011bnu! \ud83d\ude31\u2728 Vzhled tohoto chlapce se zm\u011bnil tak v\u00fdrazn\u011b, \u017ee ho na konci t\u00e9m\u011b\u0159 nen\u00ed mo\u017en\u00e9 poznat.<\/p>\n<p>Na za\u010d\u00e1tku si mo\u017en\u00e1 mysl\u00edte, \u017ee p\u0159ich\u00e1z\u00ed jen mal\u00e1 zm\u011bna, ale po\u010dkejte, a\u017e uvid\u00edte kone\u010dn\u00fd v\u00fdsledek. Prom\u011bna je tak p\u0159ekvapiv\u00e1, \u017ee m\u00e1te pocit, jako byste se d\u00edvali na \u00fapln\u011b jin\u00e9ho \u010dlov\u011bka! Jeho nov\u00fd vzhled zcela m\u011bn\u00ed jeho celkov\u00fd dojem a dod\u00e1v\u00e1 mu \u00fapln\u011b jin\u00fd styl.<\/p>\n<p>Je\u0161t\u011b fascinuj\u00edc\u00ed je, jak velk\u00fd rozd\u00edl m\u016f\u017ee ud\u011blat nov\u00fd \u00fa\u010des a trochu sebev\u011bdom\u00ed. N\u011bkdy sta\u010d\u00ed jedno odv\u00e1\u017en\u00e9 rozhodnut\u00ed, aby se \u00fapln\u011b zm\u011bnilo, jak \u010dlov\u011bk vypad\u00e1 a jak se c\u00edt\u00ed. A v tomto p\u0159\u00edpad\u011b je v\u00fdsledek opravdu neuv\u011b\u0159iteln\u00fd!<\/p>\n<p>Pravd\u011bpodobn\u011b budete cht\u00edt sledovat video od za\u010d\u00e1tku do konce, abyste p\u0159esn\u011b vid\u011bli, jak tato \u00fa\u017easn\u00e1 prom\u011bna prob\u00edh\u00e1. Kone\u010dn\u00fd vzhled v\u00e1s mo\u017en\u00e1 nech\u00e1 nev\u011b\u0159\u00edcn\u011b z\u00edrat na obrazovku, proto\u017ee rozd\u00edl je jednodu\u0161e ohromuj\u00edc\u00ed. \ud83d\ude31\ud83d\udd25<\/p>\n<p>M\u011bli byste odvahu takto dramaticky zm\u011bnit sv\u016fj vzhled? Napi\u0161te n\u00e1m, co si mysl\u00edte o kone\u010dn\u00e9m v\u00fdsledku!<\/p>\n<p>Pod\u00edvejte se zde na celou prom\u011bnu a p\u0159esv\u011bd\u010dte se sami o neuv\u011b\u0159iteln\u00e9m v\u00fdsledku! \ud83d\udc47\u2728<\/p>\n<p><img loading=\"lazy\" decoding=\"async\" src=\"https:\/\/armenia23.ru\/wp-content\/uploads\/2026\/09\/IMG_5104.jpeg\" alt=\"\" width=\"1179\" height=\"1891\" class=\"alignnone size-full wp-image-95875\" \/><\/p>\n","protected":false},"excerpt":{"rendered":"V \u017eivot\u011b jste je\u0161t\u011b nevid\u011bli tak neuv\u011b\u0159itelnou prom\u011bnu! \ud83d\ude31\u2728 Vzhled tohoto chlapce se zm\u011bnil tak v\u00fdrazn\u011b, \u017ee ho na konci t\u00e9m\u011b\u0159 nen\u00ed mo\u017en\u00e9 \n<a class=\"moretag\" href=\"https:\/\/armenia23.ru\/?p=95906\"> [...]<\/a>","protected":false},"author":12,"featured_media":95876,"comment_status":"open","ping_status":"open","sticky":false,"template":"","format":"standard","meta":{"footnotes":""},"categories":[1046],"tags":[1047],"class_list":["post-95906","post","type-post","status-publish","format-standard","has-post-thumbnail","hentry","category-czech","tag-czech"],"yoast_head":"<!-- This site is optimized with the Yoast SEO plugin v26.8 - https:\/\/yoast.com\/product\/yoast-seo-wordpress\/ -->\n<title>Tahle d\u00edvka si nechala ost\u0159\u00edhat vlasy neuv\u011b\u0159iteln\u011b nakr\u00e1tko a v\u00fdsledek \u0161okoval cel\u00fd internet! \ud83d\ude31\u2728 V\u0161ichni mluv\u00ed o t\u00e9to prom\u011bn\u011b. - NEWS FROM MEDIABLOG<\/title>\n<meta name=\"robots\" content=\"index, follow, max-snippet:-1, max-image-preview:large, max-video-preview:-1\" \/>\n<link rel=\"canonical\" href=\"https:\/\/armenia23.ru\/?p=95906\" \/>\n<meta property=\"og:locale\" content=\"en_US\" \/>\n<meta property=\"og:type\" content=\"article\" \/>\n<meta property=\"og:title\" content=\"Tahle d\u00edvka si nechala ost\u0159\u00edhat vlasy neuv\u011b\u0159iteln\u011b nakr\u00e1tko a v\u00fdsledek \u0161okoval cel\u00fd internet! \ud83d\ude31\u2728 V\u0161ichni mluv\u00ed o t\u00e9to prom\u011bn\u011b. - NEWS FROM MEDIABLOG\" \/>\n<meta property=\"og:description\" content=\"V \u017eivot\u011b jste je\u0161t\u011b nevid\u011bli tak neuv\u011b\u0159itelnou prom\u011bnu! \ud83d\ude31\u2728 Vzhled tohoto chlapce se zm\u011bnil tak v\u00fdrazn\u011b, \u017ee ho na konci t\u00e9m\u011b\u0159 nen\u00ed mo\u017en\u00e9\" \/>\n<meta property=\"og:url\" content=\"https:\/\/armenia23.ru\/?p=95906\" \/>\n<meta property=\"og:site_name\" content=\"NEWS FROM MEDIABLOG\" \/>\n<meta property=\"article:published_time\" content=\"2026-09-01T18:46:40+00:00\" \/>\n<meta property=\"og:image\" content=\"https:\/\/armenia23.ru\/wp-content\/uploads\/2026\/09\/IMG_5102.jpeg\" \/>\n\t<meta property=\"og:image:width\" content=\"1179\" \/>\n\t<meta property=\"og:image:height\" content=\"1257\" \/>\n\t<meta property=\"og:image:type\" content=\"image\/jpeg\" \/>\n<meta name=\"author\" content=\"Lilit\" \/>\n<meta name=\"twitter:card\" content=\"summary_large_image\" \/>\n<meta name=\"twitter:label1\" content=\"Written by\" \/>\n\t<meta name=\"twitter:data1\" content=\"Lilit\" \/>\n<script type=\"application\/ld+json\" class=\"yoast-schema-graph\">{\"@context\":\"https:\/\/schema.org\",\"@graph\":[{\"@type\":\"Article\",\"@id\":\"https:\/\/armenia23.ru\/?p=95906#article\",\"isPartOf\":{\"@id\":\"https:\/\/armenia23.ru\/?p=95906\"},\"author\":{\"name\":\"Lilit\",\"@id\":\"https:\/\/armenia23.ru\/#\/schema\/person\/845ca1af7e1f316095ba4980804394c4\"},\"headline\":\"Tahle d\u00edvka si nechala ost\u0159\u00edhat vlasy neuv\u011b\u0159iteln\u011b nakr\u00e1tko a v\u00fdsledek \u0161okoval cel\u00fd internet! \ud83d\ude31\u2728 V\u0161ichni mluv\u00ed o t\u00e9to prom\u011bn\u011b.\",\"datePublished\":\"2026-09-01T18:46:40+00:00\",\"mainEntityOfPage\":{\"@id\":\"https:\/\/armenia23.ru\/?p=95906\"},\"wordCount\":264,\"commentCount\":0,\"image\":{\"@id\":\"https:\/\/armenia23.ru\/?p=95906#primaryimage\"},\"thumbnailUrl\":\"https:\/\/armenia23.ru\/wp-content\/uploads\/2026\/09\/IMG_5102.jpeg\",\"keywords\":[\"Czech\"],\"articleSection\":[\"Czech\"],\"inLanguage\":\"en-US\",\"potentialAction\":[{\"@type\":\"CommentAction\",\"name\":\"Comment\",\"target\":[\"https:\/\/armenia23.ru\/?p=95906#respond\"]}]},{\"@type\":\"WebPage\",\"@id\":\"https:\/\/armenia23.ru\/?p=95906\",\"url\":\"https:\/\/armenia23.ru\/?p=95906\",\"name\":\"Tahle d\u00edvka si nechala ost\u0159\u00edhat vlasy neuv\u011b\u0159iteln\u011b nakr\u00e1tko a v\u00fdsledek \u0161okoval cel\u00fd internet! \ud83d\ude31\u2728 V\u0161ichni mluv\u00ed o t\u00e9to prom\u011bn\u011b. - NEWS FROM MEDIABLOG\",\"isPartOf\":{\"@id\":\"https:\/\/armenia23.ru\/#website\"},\"primaryImageOfPage\":{\"@id\":\"https:\/\/armenia23.ru\/?p=95906#primaryimage\"},\"image\":{\"@id\":\"https:\/\/armenia23.ru\/?p=95906#primaryimage\"},\"thumbnailUrl\":\"https:\/\/armenia23.ru\/wp-content\/uploads\/2026\/09\/IMG_5102.jpeg\",\"datePublished\":\"2026-09-01T18:46:40+00:00\",\"author\":{\"@id\":\"https:\/\/armenia23.ru\/#\/schema\/person\/845ca1af7e1f316095ba4980804394c4\"},\"breadcrumb\":{\"@id\":\"https:\/\/armenia23.ru\/?p=95906#breadcrumb\"},\"inLanguage\":\"en-US\",\"potentialAction\":[{\"@type\":\"ReadAction\",\"target\":[\"https:\/\/armenia23.ru\/?p=95906\"]}]},{\"@type\":\"ImageObject\",\"inLanguage\":\"en-US\",\"@id\":\"https:\/\/armenia23.ru\/?p=95906#primaryimage\",\"url\":\"https:\/\/armenia23.ru\/wp-content\/uploads\/2026\/09\/IMG_5102.jpeg\",\"contentUrl\":\"https:\/\/armenia23.ru\/wp-content\/uploads\/2026\/09\/IMG_5102.jpeg\",\"width\":1179,\"height\":1257,\"caption\":\"Screenshot\"},{\"@type\":\"BreadcrumbList\",\"@id\":\"https:\/\/armenia23.ru\/?p=95906#breadcrumb\",\"itemListElement\":[{\"@type\":\"ListItem\",\"position\":1,\"name\":\"Home\",\"item\":\"https:\/\/armenia23.ru\/\"},{\"@type\":\"ListItem\",\"position\":2,\"name\":\"Tahle d\u00edvka si nechala ost\u0159\u00edhat vlasy neuv\u011b\u0159iteln\u011b nakr\u00e1tko a v\u00fdsledek \u0161okoval cel\u00fd internet! \ud83d\ude31\u2728 V\u0161ichni mluv\u00ed o t\u00e9to prom\u011bn\u011b.\"}]},{\"@type\":\"WebSite\",\"@id\":\"https:\/\/armenia23.ru\/#website\",\"url\":\"https:\/\/armenia23.ru\/\",\"name\":\"NEWS FROM MEDIABLOG\",\"description\":\"LATEST UPDATES\",\"potentialAction\":[{\"@type\":\"SearchAction\",\"target\":{\"@type\":\"EntryPoint\",\"urlTemplate\":\"https:\/\/armenia23.ru\/?s={search_term_string}\"},\"query-input\":{\"@type\":\"PropertyValueSpecification\",\"valueRequired\":true,\"valueName\":\"search_term_string\"}}],\"inLanguage\":\"en-US\"},{\"@type\":\"Person\",\"@id\":\"https:\/\/armenia23.ru\/#\/schema\/person\/845ca1af7e1f316095ba4980804394c4\",\"name\":\"Lilit\",\"image\":{\"@type\":\"ImageObject\",\"inLanguage\":\"en-US\",\"@id\":\"https:\/\/armenia23.ru\/#\/schema\/person\/image\/\",\"url\":\"https:\/\/secure.gravatar.com\/avatar\/582a05008c72e19f9224ee585cdb987081c8437d671493a485e5a9e3e40fd25b?s=96&d=mm&r=g\",\"contentUrl\":\"https:\/\/secure.gravatar.com\/avatar\/582a05008c72e19f9224ee585cdb987081c8437d671493a485e5a9e3e40fd25b?s=96&d=mm&r=g\",\"caption\":\"Lilit\"},\"url\":\"https:\/\/armenia23.ru\/?author=12\"}]}<\/script>\n<!-- \/ Yoast SEO plugin. -->","yoast_head_json":{"title":"Tahle d\u00edvka si nechala ost\u0159\u00edhat vlasy neuv\u011b\u0159iteln\u011b nakr\u00e1tko a v\u00fdsledek \u0161okoval cel\u00fd internet! \ud83d\ude31\u2728 V\u0161ichni mluv\u00ed o t\u00e9to prom\u011bn\u011b. - NEWS FROM MEDIABLOG","robots":{"index":"index","follow":"follow","max-snippet":"max-snippet:-1","max-image-preview":"max-image-preview:large","max-video-preview":"max-video-preview:-1"},"canonical":"https:\/\/armenia23.ru\/?p=95906","og_locale":"en_US","og_type":"article","og_title":"Tahle d\u00edvka si nechala ost\u0159\u00edhat vlasy neuv\u011b\u0159iteln\u011b nakr\u00e1tko a v\u00fdsledek \u0161okoval cel\u00fd internet! \ud83d\ude31\u2728 V\u0161ichni mluv\u00ed o t\u00e9to prom\u011bn\u011b. - NEWS FROM MEDIABLOG","og_description":"V \u017eivot\u011b jste je\u0161t\u011b nevid\u011bli tak neuv\u011b\u0159itelnou prom\u011bnu! \ud83d\ude31\u2728 Vzhled tohoto chlapce se zm\u011bnil tak v\u00fdrazn\u011b, \u017ee ho na konci t\u00e9m\u011b\u0159 nen\u00ed mo\u017en\u00e9","og_url":"https:\/\/armenia23.ru\/?p=95906","og_site_name":"NEWS FROM MEDIABLOG","article_published_time":"2026-09-01T18:46:40+00:00","og_image":[{"width":1179,"height":1257,"url":"https:\/\/armenia23.ru\/wp-content\/uploads\/2026\/09\/IMG_5102.jpeg","type":"image\/jpeg"}],"author":"Lilit","twitter_card":"summary_large_image","twitter_misc":{"Written by":"Lilit"},"schema":{"@context":"https:\/\/schema.org","@graph":[{"@type":"Article","@id":"https:\/\/armenia23.ru\/?p=95906#article","isPartOf":{"@id":"https:\/\/armenia23.ru\/?p=95906"},"author":{"name":"Lilit","@id":"https:\/\/armenia23.ru\/#\/schema\/person\/845ca1af7e1f316095ba4980804394c4"},"headline":"Tahle d\u00edvka si nechala ost\u0159\u00edhat vlasy neuv\u011b\u0159iteln\u011b nakr\u00e1tko a v\u00fdsledek \u0161okoval cel\u00fd internet! \ud83d\ude31\u2728 V\u0161ichni mluv\u00ed o t\u00e9to prom\u011bn\u011b.","datePublished":"2026-09-01T18:46:40+00:00","mainEntityOfPage":{"@id":"https:\/\/armenia23.ru\/?p=95906"},"wordCount":264,"commentCount":0,"image":{"@id":"https:\/\/armenia23.ru\/?p=95906#primaryimage"},"thumbnailUrl":"https:\/\/armenia23.ru\/wp-content\/uploads\/2026\/09\/IMG_5102.jpeg","keywords":["Czech"],"articleSection":["Czech"],"inLanguage":"en-US","potentialAction":[{"@type":"CommentAction","name":"Comment","target":["https:\/\/armenia23.ru\/?p=95906#respond"]}]},{"@type":"WebPage","@id":"https:\/\/armenia23.ru\/?p=95906","url":"https:\/\/armenia23.ru\/?p=95906","name":"Tahle d\u00edvka si nechala ost\u0159\u00edhat vlasy neuv\u011b\u0159iteln\u011b nakr\u00e1tko a v\u00fdsledek \u0161okoval cel\u00fd internet! \ud83d\ude31\u2728 V\u0161ichni mluv\u00ed o t\u00e9to prom\u011bn\u011b. - NEWS FROM MEDIABLOG","isPartOf":{"@id":"https:\/\/armenia23.ru\/#website"},"primaryImageOfPage":{"@id":"https:\/\/armenia23.ru\/?p=95906#primaryimage"},"image":{"@id":"https:\/\/armenia23.ru\/?p=95906#primaryimage"},"thumbnailUrl":"https:\/\/armenia23.ru\/wp-content\/uploads\/2026\/09\/IMG_5102.jpeg","datePublished":"2026-09-01T18:46:40+00:00","author":{"@id":"https:\/\/armenia23.ru\/#\/schema\/person\/845ca1af7e1f316095ba4980804394c4"},"breadcrumb":{"@id":"https:\/\/armenia23.ru\/?p=95906#breadcrumb"},"inLanguage":"en-US","potentialAction":[{"@type":"ReadAction","target":["https:\/\/armenia23.ru\/?p=95906"]}]},{"@type":"ImageObject","inLanguage":"en-US","@id":"https:\/\/armenia23.ru\/?p=95906#primaryimage","url":"https:\/\/armenia23.ru\/wp-content\/uploads\/2026\/09\/IMG_5102.jpeg","contentUrl":"https:\/\/armenia23.ru\/wp-content\/uploads\/2026\/09\/IMG_5102.jpeg","width":1179,"height":1257,"caption":"Screenshot"},{"@type":"BreadcrumbList","@id":"https:\/\/armenia23.ru\/?p=95906#breadcrumb","itemListElement":[{"@type":"ListItem","position":1,"name":"Home","item":"https:\/\/armenia23.ru\/"},{"@type":"ListItem","position":2,"name":"Tahle d\u00edvka si nechala ost\u0159\u00edhat vlasy neuv\u011b\u0159iteln\u011b nakr\u00e1tko a v\u00fdsledek \u0161okoval cel\u00fd internet! \ud83d\ude31\u2728 V\u0161ichni mluv\u00ed o t\u00e9to prom\u011bn\u011b."}]},{"@type":"WebSite","@id":"https:\/\/armenia23.ru\/#website","url":"https:\/\/armenia23.ru\/","name":"NEWS FROM MEDIABLOG","description":"LATEST UPDATES","potentialAction":[{"@type":"SearchAction","target":{"@type":"EntryPoint","urlTemplate":"https:\/\/armenia23.ru\/?s={search_term_string}"},"query-input":{"@type":"PropertyValueSpecification","valueRequired":true,"valueName":"search_term_string"}}],"inLanguage":"en-US"},{"@type":"Person","@id":"https:\/\/armenia23.ru\/#\/schema\/person\/845ca1af7e1f316095ba4980804394c4","name":"Lilit","image":{"@type":"ImageObject","inLanguage":"en-US","@id":"https:\/\/armenia23.ru\/#\/schema\/person\/image\/","url":"https:\/\/secure.gravatar.com\/avatar\/582a05008c72e19f9224ee585cdb987081c8437d671493a485e5a9e3e40fd25b?s=96&d=mm&r=g","contentUrl":"https:\/\/secure.gravatar.com\/avatar\/582a05008c72e19f9224ee585cdb987081c8437d671493a485e5a9e3e40fd25b?s=96&d=mm&r=g","caption":"Lilit"},"url":"https:\/\/armenia23.ru\/?author=12"}]}},"_links":{"self":[{"href":"https:\/\/armenia23.ru\/index.php?rest_route=\/wp\/v2\/posts\/95906","targetHints":{"allow":["GET"]}}],"collection":[{"href":"https:\/\/armenia23.ru\/index.php?rest_route=\/wp\/v2\/posts"}],"about":[{"href":"https:\/\/armenia23.ru\/index.php?rest_route=\/wp\/v2\/types\/post"}],"author":[{"embeddable":true,"href":"https:\/\/armenia23.ru\/index.php?rest_route=\/wp\/v2\/users\/12"}],"replies":[{"embeddable":true,"href":"https:\/\/armenia23.ru\/index.php?rest_route=%2Fwp%2Fv2%2Fcomments&post=95906"}],"version-history":[{"count":1,"href":"https:\/\/armenia23.ru\/index.php?rest_route=\/wp\/v2\/posts\/95906\/revisions"}],"predecessor-version":[{"id":95907,"href":"https:\/\/armenia23.ru\/index.php?rest_route=\/wp\/v2\/posts\/95906\/revisions\/95907"}],"wp:featuredmedia":[{"embeddable":true,"href":"https:\/\/armenia23.ru\/index.php?rest_route=\/wp\/v2\/media\/95876"}],"wp:attachment":[{"href":"https:\/\/armenia23.ru\/index.php?rest_route=%2Fwp%2Fv2%2Fmedia&parent=95906"}],"wp:term":[{"taxonomy":"category","embeddable":true,"href":"https:\/\/armenia23.ru\/index.php?rest_route=%2Fwp%2Fv2%2Fcategories&post=95906"},{"taxonomy":"post_tag","embeddable":true,"href":"https:\/\/armenia23.ru\/index.php?rest_route=%2Fwp%2Fv2%2Ftags&post=95906"}],"curies":[{"name":"wp","href":"https:\/\/api.w.org\/{rel}","templated":true}]}}