{"id":95938,"date":"2026-09-02T05:33:27","date_gmt":"2026-09-02T02:33:27","guid":{"rendered":"https:\/\/armenia23.ru\/?p=95938"},"modified":"2026-09-02T05:33:27","modified_gmt":"2026-09-02T02:33:27","slug":"ez-a-lany-bucsut-intett-osz-hajanak-es-most-egyszeruen-lenyugozoen-nez-ki-%f0%9f%98%b1%e2%9c%a8-nezd-csak-meg-az-atalakulasat-teljesen-el-fogsz-amulni-2","status":"publish","type":"post","link":"https:\/\/armenia23.ru\/?p=95938","title":{"rendered":"Ez a l\u00e1ny b\u00facs\u00fat intett \u0151sz haj\u00e1nak, \u00e9s most egyszer\u0171en leny\u0171g\u00f6z\u0151en n\u00e9z ki! \ud83d\ude31\u2728 N\u00e9zd csak meg az \u00e1talakul\u00e1s\u00e1t \u2014 teljesen el fogsz \u00e1mulni!"},"content":{"rendered":"<p>Ez a l\u00e1ny v\u00e9gre \u00fagy d\u00f6nt\u00f6tt, hogy b\u00facs\u00fat int \u0151sz haj\u00e1nak, \u00e9s az \u00e1talakul\u00e1s egyszer\u0171en leny\u0171g\u00f6z\u0151! \ud83d\ude31\u2728 Hossz\u00fa id\u0151n kereszt\u00fcl a ragyog\u00f3an feh\u00e9r haja megjelen\u00e9s\u00e9nek meghat\u00e1roz\u00f3 r\u00e9sze volt, de \u00fagy \u00e9rezte, elj\u00f6tt az id\u0151 egy teljesen \u00faj k\u00fcls\u0151h\u00f6z. Ami ezut\u00e1n t\u00f6rt\u00e9nt, minden v\u00e1rakoz\u00e1st fel\u00fclm\u00falt!<\/p>\n<p>\u00dagy d\u00f6nt\u00f6tt, maga m\u00f6g\u00f6tt hagyja r\u00e9gi hajsz\u00edn\u00e9t, \u00e9s egy frissebb, fiatalosabb \u00e9s eleg\u00e1nsabb st\u00edlust v\u00e1laszt. A k\u00fcl\u00f6nbs\u00e9g val\u00f3ban hihetetlen, a v\u00e9geredm\u00e9ny pedig teljesen megv\u00e1ltoztatja a megjelen\u00e9s\u00e9t. Amint megl\u00e1tod az \u00e1talakul\u00e1s el\u0151tti \u00e9s ut\u00e1ni k\u00e9peket, szinte hihetetlen, hogy ugyanazt a szem\u00e9lyt l\u00e1tod!<\/p>\n<p>Az \u00faj hajsz\u00edn gy\u00f6ny\u00f6r\u0171en keretezi az arc\u00e1t, \u00e9s teljesen m\u00e1s megjelen\u00e9st k\u00f6lcs\u00f6n\u00f6z neki. Az \u00e1talakul\u00e1s nemcsak a haj\u00e1t v\u00e1ltoztatja meg \u2014 az eg\u00e9sz megjelen\u00e9se frissebbnek hat, \u00e9s egy \u00fajfajta magabiztoss\u00e1got sug\u00e1roz.<\/p>\n<p>Elk\u00e9peszt\u0151, hogy egy olyan egyszer\u0171 v\u00e1ltoztat\u00e1s, mint a hajsz\u00edn megv\u00e1ltoztat\u00e1sa, mekkora k\u00fcl\u00f6nbs\u00e9get jelenthet. N\u00e9ha egyetlen mer\u00e9sz d\u00f6nt\u00e9s is el\u00e9g ahhoz, hogy teljesen meg\u00faj\u00edtsd a megjelen\u00e9sed!<\/p>\n<p>Mindenk\u00e9ppen l\u00e1tnod kell a v\u00e9geredm\u00e9nyt a saj\u00e1t szemeddel. V\u00e1rd meg, am\u00edg megl\u00e1tod, hogyan n\u00e9z ki most \u2014 teljesen le fog ny\u0171g\u00f6zni ez az elk\u00e9peszt\u0151 \u00e1talakul\u00e1s! \ud83d\ude31\u2728<\/p>\n<p>N\u00e9zd meg itt: \ud83d\udc47<\/p>\n<p><img loading=\"lazy\" decoding=\"async\" src=\"https:\/\/armenia23.ru\/wp-content\/uploads\/2026\/09\/IMG_5151.jpeg\" alt=\"\" width=\"1179\" height=\"2091\" class=\"alignnone size-full wp-image-95919\" \/><\/p>\n","protected":false},"excerpt":{"rendered":"Ez a l\u00e1ny v\u00e9gre \u00fagy d\u00f6nt\u00f6tt, hogy b\u00facs\u00fat int \u0151sz haj\u00e1nak, \u00e9s az \u00e1talakul\u00e1s egyszer\u0171en leny\u0171g\u00f6z\u0151! \ud83d\ude31\u2728 Hossz\u00fa id\u0151n kereszt\u00fcl a ragyog\u00f3an feh\u00e9r \n<a class=\"moretag\" href=\"https:\/\/armenia23.ru\/?p=95938\"> [...]<\/a>","protected":false},"author":12,"featured_media":95920,"comment_status":"open","ping_status":"open","sticky":false,"template":"","format":"standard","meta":{"footnotes":""},"categories":[963],"tags":[964],"class_list":["post-95938","post","type-post","status-publish","format-standard","has-post-thumbnail","hentry","category-hungary","tag-hungary"],"yoast_head":"<!-- This site is optimized with the Yoast SEO plugin v26.8 - https:\/\/yoast.com\/product\/yoast-seo-wordpress\/ -->\n<title>Ez a l\u00e1ny b\u00facs\u00fat intett \u0151sz haj\u00e1nak, \u00e9s most egyszer\u0171en leny\u0171g\u00f6z\u0151en n\u00e9z ki! \ud83d\ude31\u2728 N\u00e9zd csak meg az \u00e1talakul\u00e1s\u00e1t \u2014 teljesen el fogsz \u00e1mulni! - NEWS FROM MEDIABLOG<\/title>\n<meta name=\"robots\" content=\"index, follow, max-snippet:-1, max-image-preview:large, max-video-preview:-1\" \/>\n<link rel=\"canonical\" href=\"https:\/\/armenia23.ru\/?p=95938\" \/>\n<meta property=\"og:locale\" content=\"en_US\" \/>\n<meta property=\"og:type\" content=\"article\" \/>\n<meta property=\"og:title\" content=\"Ez a l\u00e1ny b\u00facs\u00fat intett \u0151sz haj\u00e1nak, \u00e9s most egyszer\u0171en leny\u0171g\u00f6z\u0151en n\u00e9z ki! \ud83d\ude31\u2728 N\u00e9zd csak meg az \u00e1talakul\u00e1s\u00e1t \u2014 teljesen el fogsz \u00e1mulni! - NEWS FROM MEDIABLOG\" \/>\n<meta property=\"og:description\" content=\"Ez a l\u00e1ny v\u00e9gre \u00fagy d\u00f6nt\u00f6tt, hogy b\u00facs\u00fat int \u0151sz haj\u00e1nak, \u00e9s az \u00e1talakul\u00e1s egyszer\u0171en leny\u0171g\u00f6z\u0151! \ud83d\ude31\u2728 Hossz\u00fa id\u0151n kereszt\u00fcl a ragyog\u00f3an feh\u00e9r\" \/>\n<meta property=\"og:url\" content=\"https:\/\/armenia23.ru\/?p=95938\" \/>\n<meta property=\"og:site_name\" content=\"NEWS FROM MEDIABLOG\" \/>\n<meta property=\"article:published_time\" content=\"2026-09-02T02:33:27+00:00\" \/>\n<meta property=\"og:image\" content=\"https:\/\/armenia23.ru\/wp-content\/uploads\/2026\/09\/IMG_5150.jpeg\" \/>\n\t<meta property=\"og:image:width\" content=\"1179\" \/>\n\t<meta property=\"og:image:height\" content=\"940\" \/>\n\t<meta property=\"og:image:type\" content=\"image\/jpeg\" \/>\n<meta name=\"author\" content=\"Lilit\" \/>\n<meta name=\"twitter:card\" content=\"summary_large_image\" \/>\n<meta name=\"twitter:label1\" content=\"Written by\" \/>\n\t<meta name=\"twitter:data1\" content=\"Lilit\" \/>\n<script type=\"application\/ld+json\" class=\"yoast-schema-graph\">{\"@context\":\"https:\/\/schema.org\",\"@graph\":[{\"@type\":\"Article\",\"@id\":\"https:\/\/armenia23.ru\/?p=95938#article\",\"isPartOf\":{\"@id\":\"https:\/\/armenia23.ru\/?p=95938\"},\"author\":{\"name\":\"Lilit\",\"@id\":\"https:\/\/armenia23.ru\/#\/schema\/person\/845ca1af7e1f316095ba4980804394c4\"},\"headline\":\"Ez a l\u00e1ny b\u00facs\u00fat intett \u0151sz haj\u00e1nak, \u00e9s most egyszer\u0171en leny\u0171g\u00f6z\u0151en n\u00e9z ki! \ud83d\ude31\u2728 N\u00e9zd csak meg az \u00e1talakul\u00e1s\u00e1t \u2014 teljesen el fogsz \u00e1mulni!\",\"datePublished\":\"2026-09-02T02:33:27+00:00\",\"mainEntityOfPage\":{\"@id\":\"https:\/\/armenia23.ru\/?p=95938\"},\"wordCount\":304,\"commentCount\":0,\"image\":{\"@id\":\"https:\/\/armenia23.ru\/?p=95938#primaryimage\"},\"thumbnailUrl\":\"https:\/\/armenia23.ru\/wp-content\/uploads\/2026\/09\/IMG_5150.jpeg\",\"keywords\":[\"Hungary\"],\"articleSection\":[\"Hungary\"],\"inLanguage\":\"en-US\",\"potentialAction\":[{\"@type\":\"CommentAction\",\"name\":\"Comment\",\"target\":[\"https:\/\/armenia23.ru\/?p=95938#respond\"]}]},{\"@type\":\"WebPage\",\"@id\":\"https:\/\/armenia23.ru\/?p=95938\",\"url\":\"https:\/\/armenia23.ru\/?p=95938\",\"name\":\"Ez a l\u00e1ny b\u00facs\u00fat intett \u0151sz haj\u00e1nak, \u00e9s most egyszer\u0171en leny\u0171g\u00f6z\u0151en n\u00e9z ki! \ud83d\ude31\u2728 N\u00e9zd csak meg az \u00e1talakul\u00e1s\u00e1t \u2014 teljesen el fogsz \u00e1mulni! - NEWS FROM MEDIABLOG\",\"isPartOf\":{\"@id\":\"https:\/\/armenia23.ru\/#website\"},\"primaryImageOfPage\":{\"@id\":\"https:\/\/armenia23.ru\/?p=95938#primaryimage\"},\"image\":{\"@id\":\"https:\/\/armenia23.ru\/?p=95938#primaryimage\"},\"thumbnailUrl\":\"https:\/\/armenia23.ru\/wp-content\/uploads\/2026\/09\/IMG_5150.jpeg\",\"datePublished\":\"2026-09-02T02:33:27+00:00\",\"author\":{\"@id\":\"https:\/\/armenia23.ru\/#\/schema\/person\/845ca1af7e1f316095ba4980804394c4\"},\"breadcrumb\":{\"@id\":\"https:\/\/armenia23.ru\/?p=95938#breadcrumb\"},\"inLanguage\":\"en-US\",\"potentialAction\":[{\"@type\":\"ReadAction\",\"target\":[\"https:\/\/armenia23.ru\/?p=95938\"]}]},{\"@type\":\"ImageObject\",\"inLanguage\":\"en-US\",\"@id\":\"https:\/\/armenia23.ru\/?p=95938#primaryimage\",\"url\":\"https:\/\/armenia23.ru\/wp-content\/uploads\/2026\/09\/IMG_5150.jpeg\",\"contentUrl\":\"https:\/\/armenia23.ru\/wp-content\/uploads\/2026\/09\/IMG_5150.jpeg\",\"width\":1179,\"height\":940,\"caption\":\"Screenshot\"},{\"@type\":\"BreadcrumbList\",\"@id\":\"https:\/\/armenia23.ru\/?p=95938#breadcrumb\",\"itemListElement\":[{\"@type\":\"ListItem\",\"position\":1,\"name\":\"Home\",\"item\":\"https:\/\/armenia23.ru\/\"},{\"@type\":\"ListItem\",\"position\":2,\"name\":\"Ez a l\u00e1ny b\u00facs\u00fat intett \u0151sz haj\u00e1nak, \u00e9s most egyszer\u0171en leny\u0171g\u00f6z\u0151en n\u00e9z ki! \ud83d\ude31\u2728 N\u00e9zd csak meg az \u00e1talakul\u00e1s\u00e1t \u2014 teljesen el fogsz \u00e1mulni!\"}]},{\"@type\":\"WebSite\",\"@id\":\"https:\/\/armenia23.ru\/#website\",\"url\":\"https:\/\/armenia23.ru\/\",\"name\":\"NEWS FROM MEDIABLOG\",\"description\":\"LATEST UPDATES\",\"potentialAction\":[{\"@type\":\"SearchAction\",\"target\":{\"@type\":\"EntryPoint\",\"urlTemplate\":\"https:\/\/armenia23.ru\/?s={search_term_string}\"},\"query-input\":{\"@type\":\"PropertyValueSpecification\",\"valueRequired\":true,\"valueName\":\"search_term_string\"}}],\"inLanguage\":\"en-US\"},{\"@type\":\"Person\",\"@id\":\"https:\/\/armenia23.ru\/#\/schema\/person\/845ca1af7e1f316095ba4980804394c4\",\"name\":\"Lilit\",\"image\":{\"@type\":\"ImageObject\",\"inLanguage\":\"en-US\",\"@id\":\"https:\/\/armenia23.ru\/#\/schema\/person\/image\/\",\"url\":\"https:\/\/secure.gravatar.com\/avatar\/582a05008c72e19f9224ee585cdb987081c8437d671493a485e5a9e3e40fd25b?s=96&d=mm&r=g\",\"contentUrl\":\"https:\/\/secure.gravatar.com\/avatar\/582a05008c72e19f9224ee585cdb987081c8437d671493a485e5a9e3e40fd25b?s=96&d=mm&r=g\",\"caption\":\"Lilit\"},\"url\":\"https:\/\/armenia23.ru\/?author=12\"}]}<\/script>\n<!-- \/ Yoast SEO plugin. -->","yoast_head_json":{"title":"Ez a l\u00e1ny b\u00facs\u00fat intett \u0151sz haj\u00e1nak, \u00e9s most egyszer\u0171en leny\u0171g\u00f6z\u0151en n\u00e9z ki! \ud83d\ude31\u2728 N\u00e9zd csak meg az \u00e1talakul\u00e1s\u00e1t \u2014 teljesen el fogsz \u00e1mulni! - NEWS FROM MEDIABLOG","robots":{"index":"index","follow":"follow","max-snippet":"max-snippet:-1","max-image-preview":"max-image-preview:large","max-video-preview":"max-video-preview:-1"},"canonical":"https:\/\/armenia23.ru\/?p=95938","og_locale":"en_US","og_type":"article","og_title":"Ez a l\u00e1ny b\u00facs\u00fat intett \u0151sz haj\u00e1nak, \u00e9s most egyszer\u0171en leny\u0171g\u00f6z\u0151en n\u00e9z ki! \ud83d\ude31\u2728 N\u00e9zd csak meg az \u00e1talakul\u00e1s\u00e1t \u2014 teljesen el fogsz \u00e1mulni! - NEWS FROM MEDIABLOG","og_description":"Ez a l\u00e1ny v\u00e9gre \u00fagy d\u00f6nt\u00f6tt, hogy b\u00facs\u00fat int \u0151sz haj\u00e1nak, \u00e9s az \u00e1talakul\u00e1s egyszer\u0171en leny\u0171g\u00f6z\u0151! \ud83d\ude31\u2728 Hossz\u00fa id\u0151n kereszt\u00fcl a ragyog\u00f3an feh\u00e9r","og_url":"https:\/\/armenia23.ru\/?p=95938","og_site_name":"NEWS FROM MEDIABLOG","article_published_time":"2026-09-02T02:33:27+00:00","og_image":[{"width":1179,"height":940,"url":"https:\/\/armenia23.ru\/wp-content\/uploads\/2026\/09\/IMG_5150.jpeg","type":"image\/jpeg"}],"author":"Lilit","twitter_card":"summary_large_image","twitter_misc":{"Written by":"Lilit"},"schema":{"@context":"https:\/\/schema.org","@graph":[{"@type":"Article","@id":"https:\/\/armenia23.ru\/?p=95938#article","isPartOf":{"@id":"https:\/\/armenia23.ru\/?p=95938"},"author":{"name":"Lilit","@id":"https:\/\/armenia23.ru\/#\/schema\/person\/845ca1af7e1f316095ba4980804394c4"},"headline":"Ez a l\u00e1ny b\u00facs\u00fat intett \u0151sz haj\u00e1nak, \u00e9s most egyszer\u0171en leny\u0171g\u00f6z\u0151en n\u00e9z ki! \ud83d\ude31\u2728 N\u00e9zd csak meg az \u00e1talakul\u00e1s\u00e1t \u2014 teljesen el fogsz \u00e1mulni!","datePublished":"2026-09-02T02:33:27+00:00","mainEntityOfPage":{"@id":"https:\/\/armenia23.ru\/?p=95938"},"wordCount":304,"commentCount":0,"image":{"@id":"https:\/\/armenia23.ru\/?p=95938#primaryimage"},"thumbnailUrl":"https:\/\/armenia23.ru\/wp-content\/uploads\/2026\/09\/IMG_5150.jpeg","keywords":["Hungary"],"articleSection":["Hungary"],"inLanguage":"en-US","potentialAction":[{"@type":"CommentAction","name":"Comment","target":["https:\/\/armenia23.ru\/?p=95938#respond"]}]},{"@type":"WebPage","@id":"https:\/\/armenia23.ru\/?p=95938","url":"https:\/\/armenia23.ru\/?p=95938","name":"Ez a l\u00e1ny b\u00facs\u00fat intett \u0151sz haj\u00e1nak, \u00e9s most egyszer\u0171en leny\u0171g\u00f6z\u0151en n\u00e9z ki! \ud83d\ude31\u2728 N\u00e9zd csak meg az \u00e1talakul\u00e1s\u00e1t \u2014 teljesen el fogsz \u00e1mulni! - NEWS FROM MEDIABLOG","isPartOf":{"@id":"https:\/\/armenia23.ru\/#website"},"primaryImageOfPage":{"@id":"https:\/\/armenia23.ru\/?p=95938#primaryimage"},"image":{"@id":"https:\/\/armenia23.ru\/?p=95938#primaryimage"},"thumbnailUrl":"https:\/\/armenia23.ru\/wp-content\/uploads\/2026\/09\/IMG_5150.jpeg","datePublished":"2026-09-02T02:33:27+00:00","author":{"@id":"https:\/\/armenia23.ru\/#\/schema\/person\/845ca1af7e1f316095ba4980804394c4"},"breadcrumb":{"@id":"https:\/\/armenia23.ru\/?p=95938#breadcrumb"},"inLanguage":"en-US","potentialAction":[{"@type":"ReadAction","target":["https:\/\/armenia23.ru\/?p=95938"]}]},{"@type":"ImageObject","inLanguage":"en-US","@id":"https:\/\/armenia23.ru\/?p=95938#primaryimage","url":"https:\/\/armenia23.ru\/wp-content\/uploads\/2026\/09\/IMG_5150.jpeg","contentUrl":"https:\/\/armenia23.ru\/wp-content\/uploads\/2026\/09\/IMG_5150.jpeg","width":1179,"height":940,"caption":"Screenshot"},{"@type":"BreadcrumbList","@id":"https:\/\/armenia23.ru\/?p=95938#breadcrumb","itemListElement":[{"@type":"ListItem","position":1,"name":"Home","item":"https:\/\/armenia23.ru\/"},{"@type":"ListItem","position":2,"name":"Ez a l\u00e1ny b\u00facs\u00fat intett \u0151sz haj\u00e1nak, \u00e9s most egyszer\u0171en leny\u0171g\u00f6z\u0151en n\u00e9z ki! \ud83d\ude31\u2728 N\u00e9zd csak meg az \u00e1talakul\u00e1s\u00e1t \u2014 teljesen el fogsz \u00e1mulni!"}]},{"@type":"WebSite","@id":"https:\/\/armenia23.ru\/#website","url":"https:\/\/armenia23.ru\/","name":"NEWS FROM MEDIABLOG","description":"LATEST UPDATES","potentialAction":[{"@type":"SearchAction","target":{"@type":"EntryPoint","urlTemplate":"https:\/\/armenia23.ru\/?s={search_term_string}"},"query-input":{"@type":"PropertyValueSpecification","valueRequired":true,"valueName":"search_term_string"}}],"inLanguage":"en-US"},{"@type":"Person","@id":"https:\/\/armenia23.ru\/#\/schema\/person\/845ca1af7e1f316095ba4980804394c4","name":"Lilit","image":{"@type":"ImageObject","inLanguage":"en-US","@id":"https:\/\/armenia23.ru\/#\/schema\/person\/image\/","url":"https:\/\/secure.gravatar.com\/avatar\/582a05008c72e19f9224ee585cdb987081c8437d671493a485e5a9e3e40fd25b?s=96&d=mm&r=g","contentUrl":"https:\/\/secure.gravatar.com\/avatar\/582a05008c72e19f9224ee585cdb987081c8437d671493a485e5a9e3e40fd25b?s=96&d=mm&r=g","caption":"Lilit"},"url":"https:\/\/armenia23.ru\/?author=12"}]}},"_links":{"self":[{"href":"https:\/\/armenia23.ru\/index.php?rest_route=\/wp\/v2\/posts\/95938","targetHints":{"allow":["GET"]}}],"collection":[{"href":"https:\/\/armenia23.ru\/index.php?rest_route=\/wp\/v2\/posts"}],"about":[{"href":"https:\/\/armenia23.ru\/index.php?rest_route=\/wp\/v2\/types\/post"}],"author":[{"embeddable":true,"href":"https:\/\/armenia23.ru\/index.php?rest_route=\/wp\/v2\/users\/12"}],"replies":[{"embeddable":true,"href":"https:\/\/armenia23.ru\/index.php?rest_route=%2Fwp%2Fv2%2Fcomments&post=95938"}],"version-history":[{"count":1,"href":"https:\/\/armenia23.ru\/index.php?rest_route=\/wp\/v2\/posts\/95938\/revisions"}],"predecessor-version":[{"id":95939,"href":"https:\/\/armenia23.ru\/index.php?rest_route=\/wp\/v2\/posts\/95938\/revisions\/95939"}],"wp:featuredmedia":[{"embeddable":true,"href":"https:\/\/armenia23.ru\/index.php?rest_route=\/wp\/v2\/media\/95920"}],"wp:attachment":[{"href":"https:\/\/armenia23.ru\/index.php?rest_route=%2Fwp%2Fv2%2Fmedia&parent=95938"}],"wp:term":[{"taxonomy":"category","embeddable":true,"href":"https:\/\/armenia23.ru\/index.php?rest_route=%2Fwp%2Fv2%2Fcategories&post=95938"},{"taxonomy":"post_tag","embeddable":true,"href":"https:\/\/armenia23.ru\/index.php?rest_route=%2Fwp%2Fv2%2Ftags&post=95938"}],"curies":[{"name":"wp","href":"https:\/\/api.w.org\/{rel}","templated":true}]}}