{"id":95981,"date":"2026-09-02T21:19:24","date_gmt":"2026-09-02T18:19:24","guid":{"rendered":"https:\/\/armenia23.ru\/?p=95981"},"modified":"2026-09-02T21:19:24","modified_gmt":"2026-09-02T18:19:24","slug":"tato-zena-se-po-profesionalnim-liceni-a-uprave-vlasu-uplne-promenila-ted-vypada-jako-mlada-divka","status":"publish","type":"post","link":"https:\/\/armenia23.ru\/?p=95981","title":{"rendered":"Tato \u017eena se po profesion\u00e1ln\u00edm l\u00ed\u010den\u00ed a \u00faprav\u011b vlas\u016f \u00fapln\u011b prom\u011bnila! Te\u010f vypad\u00e1 jako mlad\u00e1 d\u00edvka."},"content":{"rendered":"<p>Tato \u017eena pro\u0161la naprosto neuv\u011b\u0159itelnou prom\u011bnou pot\u00e9, co podstoupila profesion\u00e1ln\u00ed l\u00ed\u010den\u00ed a \u00fapravu vlas\u016f, a kone\u010dn\u00fd v\u00fdsledek je t\u00e9m\u011b\u0159 k neuv\u011b\u0159en\u00ed! \ud83d\ude31\u2728<\/p>\n<p>P\u0159ed prom\u011bnou u\u017e m\u011bla kr\u00e1sn\u00fd a jedine\u010dn\u00fd vzhled, ale po zm\u011bn\u011b vypadala, jako by se jej\u00ed celkov\u00fd vzhled \u00fapln\u011b zm\u011bnil. Make-up n\u00e1dhern\u011b zv\u00fdraznil jej\u00ed rysy obli\u010deje, zat\u00edmco nov\u00fd \u00fa\u010des j\u00ed dodal sv\u011b\u017e\u00ed, mladistv\u00fd a elegantn\u00ed vzhled. Kombinace oboj\u00edho vytvo\u0159ila tak v\u00fdrazn\u00fd rozd\u00edl, \u017ee t\u00e9m\u011b\u0159 vypad\u00e1 jako \u00fapln\u011b jin\u00fd \u010dlov\u011bk!<\/p>\n<p>Na t\u00e9to prom\u011bn\u011b je \u00fa\u017easn\u00e9 p\u0159edev\u0161\u00edm to, jak n\u011bkolik pe\u010dliv\u011b zvolen\u00fdch zm\u011bn dok\u00e1\u017ee zcela osv\u011b\u017eit n\u011b\u010d\u00ed vzhled. Nov\u00fd \u00fa\u010des kr\u00e1sn\u011b r\u00e1muje jej\u00ed obli\u010dej a make-up dod\u00e1v\u00e1 n\u00e1dech p\u016fvabu, ani\u017e by potla\u010dil jej\u00ed p\u0159irozenou kr\u00e1su. V\u00fdsledkem je neuv\u011b\u0159iteln\u011b mladistv\u00fd, sebev\u011bdom\u00fd a z\u00e1\u0159iv\u00fd vzhled. \ud83d\ude0d\u2728<\/p>\n<p>Je t\u011b\u017ek\u00e9 uv\u011b\u0159it, \u017ee \u017eena na fotografi\u00edch p\u0159ed a po je skute\u010dn\u011b tat\u00e1\u017e osoba! Prom\u011bna je opravdu ohromuj\u00edc\u00ed a kone\u010dn\u00fd v\u00fdsledek rozhodn\u011b mus\u00edte vid\u011bt na vlastn\u00ed o\u010di.<\/p>\n<p>Pod\u00edvejte se zde na celou prom\u011bnu a objevte neuv\u011b\u0159iteln\u00fd v\u00fdsledek p\u0159ed a po! \ud83d\udc47\u2728<\/p>\n<p><img loading=\"lazy\" decoding=\"async\" src=\"https:\/\/armenia23.ru\/wp-content\/uploads\/2026\/09\/IMG_5193.jpeg\" alt=\"\" width=\"1179\" height=\"2003\" class=\"alignnone size-full wp-image-95950\" \/><\/p>\n","protected":false},"excerpt":{"rendered":"Tato \u017eena pro\u0161la naprosto neuv\u011b\u0159itelnou prom\u011bnou pot\u00e9, co podstoupila profesion\u00e1ln\u00ed l\u00ed\u010den\u00ed a \u00fapravu vlas\u016f, a kone\u010dn\u00fd v\u00fdsledek je t\u00e9m\u011b\u0159 k neuv\u011b\u0159en\u00ed! \ud83d\ude31\u2728 P\u0159ed \n<a class=\"moretag\" href=\"https:\/\/armenia23.ru\/?p=95981\"> [...]<\/a>","protected":false},"author":12,"featured_media":95951,"comment_status":"open","ping_status":"open","sticky":false,"template":"","format":"standard","meta":{"footnotes":""},"categories":[1046],"tags":[1047],"class_list":["post-95981","post","type-post","status-publish","format-standard","has-post-thumbnail","hentry","category-czech","tag-czech"],"yoast_head":"<!-- This site is optimized with the Yoast SEO plugin v26.8 - https:\/\/yoast.com\/product\/yoast-seo-wordpress\/ -->\n<title>Tato \u017eena se po profesion\u00e1ln\u00edm l\u00ed\u010den\u00ed a \u00faprav\u011b vlas\u016f \u00fapln\u011b prom\u011bnila! Te\u010f vypad\u00e1 jako mlad\u00e1 d\u00edvka. - NEWS FROM MEDIABLOG<\/title>\n<meta name=\"robots\" content=\"index, follow, max-snippet:-1, max-image-preview:large, max-video-preview:-1\" \/>\n<link rel=\"canonical\" href=\"https:\/\/armenia23.ru\/?p=95981\" \/>\n<meta property=\"og:locale\" content=\"en_US\" \/>\n<meta property=\"og:type\" content=\"article\" \/>\n<meta property=\"og:title\" content=\"Tato \u017eena se po profesion\u00e1ln\u00edm l\u00ed\u010den\u00ed a \u00faprav\u011b vlas\u016f \u00fapln\u011b prom\u011bnila! Te\u010f vypad\u00e1 jako mlad\u00e1 d\u00edvka. - NEWS FROM MEDIABLOG\" \/>\n<meta property=\"og:description\" content=\"Tato \u017eena pro\u0161la naprosto neuv\u011b\u0159itelnou prom\u011bnou pot\u00e9, co podstoupila profesion\u00e1ln\u00ed l\u00ed\u010den\u00ed a \u00fapravu vlas\u016f, a kone\u010dn\u00fd v\u00fdsledek je t\u00e9m\u011b\u0159 k neuv\u011b\u0159en\u00ed! \ud83d\ude31\u2728 P\u0159ed\" \/>\n<meta property=\"og:url\" content=\"https:\/\/armenia23.ru\/?p=95981\" \/>\n<meta property=\"og:site_name\" content=\"NEWS FROM MEDIABLOG\" \/>\n<meta property=\"article:published_time\" content=\"2026-09-02T18:19:24+00:00\" \/>\n<meta property=\"og:image\" content=\"https:\/\/armenia23.ru\/wp-content\/uploads\/2026\/09\/IMG_5192.jpeg\" \/>\n\t<meta property=\"og:image:width\" content=\"1179\" \/>\n\t<meta property=\"og:image:height\" content=\"1352\" \/>\n\t<meta property=\"og:image:type\" content=\"image\/jpeg\" \/>\n<meta name=\"author\" content=\"Lilit\" \/>\n<meta name=\"twitter:card\" content=\"summary_large_image\" \/>\n<meta name=\"twitter:label1\" content=\"Written by\" \/>\n\t<meta name=\"twitter:data1\" content=\"Lilit\" \/>\n<script type=\"application\/ld+json\" class=\"yoast-schema-graph\">{\"@context\":\"https:\/\/schema.org\",\"@graph\":[{\"@type\":\"Article\",\"@id\":\"https:\/\/armenia23.ru\/?p=95981#article\",\"isPartOf\":{\"@id\":\"https:\/\/armenia23.ru\/?p=95981\"},\"author\":{\"name\":\"Lilit\",\"@id\":\"https:\/\/armenia23.ru\/#\/schema\/person\/845ca1af7e1f316095ba4980804394c4\"},\"headline\":\"Tato \u017eena se po profesion\u00e1ln\u00edm l\u00ed\u010den\u00ed a \u00faprav\u011b vlas\u016f \u00fapln\u011b prom\u011bnila! Te\u010f vypad\u00e1 jako mlad\u00e1 d\u00edvka.\",\"datePublished\":\"2026-09-02T18:19:24+00:00\",\"mainEntityOfPage\":{\"@id\":\"https:\/\/armenia23.ru\/?p=95981\"},\"wordCount\":239,\"commentCount\":0,\"image\":{\"@id\":\"https:\/\/armenia23.ru\/?p=95981#primaryimage\"},\"thumbnailUrl\":\"https:\/\/armenia23.ru\/wp-content\/uploads\/2026\/09\/IMG_5192.jpeg\",\"keywords\":[\"Czech\"],\"articleSection\":[\"Czech\"],\"inLanguage\":\"en-US\",\"potentialAction\":[{\"@type\":\"CommentAction\",\"name\":\"Comment\",\"target\":[\"https:\/\/armenia23.ru\/?p=95981#respond\"]}]},{\"@type\":\"WebPage\",\"@id\":\"https:\/\/armenia23.ru\/?p=95981\",\"url\":\"https:\/\/armenia23.ru\/?p=95981\",\"name\":\"Tato \u017eena se po profesion\u00e1ln\u00edm l\u00ed\u010den\u00ed a \u00faprav\u011b vlas\u016f \u00fapln\u011b prom\u011bnila! Te\u010f vypad\u00e1 jako mlad\u00e1 d\u00edvka. - NEWS FROM MEDIABLOG\",\"isPartOf\":{\"@id\":\"https:\/\/armenia23.ru\/#website\"},\"primaryImageOfPage\":{\"@id\":\"https:\/\/armenia23.ru\/?p=95981#primaryimage\"},\"image\":{\"@id\":\"https:\/\/armenia23.ru\/?p=95981#primaryimage\"},\"thumbnailUrl\":\"https:\/\/armenia23.ru\/wp-content\/uploads\/2026\/09\/IMG_5192.jpeg\",\"datePublished\":\"2026-09-02T18:19:24+00:00\",\"author\":{\"@id\":\"https:\/\/armenia23.ru\/#\/schema\/person\/845ca1af7e1f316095ba4980804394c4\"},\"breadcrumb\":{\"@id\":\"https:\/\/armenia23.ru\/?p=95981#breadcrumb\"},\"inLanguage\":\"en-US\",\"potentialAction\":[{\"@type\":\"ReadAction\",\"target\":[\"https:\/\/armenia23.ru\/?p=95981\"]}]},{\"@type\":\"ImageObject\",\"inLanguage\":\"en-US\",\"@id\":\"https:\/\/armenia23.ru\/?p=95981#primaryimage\",\"url\":\"https:\/\/armenia23.ru\/wp-content\/uploads\/2026\/09\/IMG_5192.jpeg\",\"contentUrl\":\"https:\/\/armenia23.ru\/wp-content\/uploads\/2026\/09\/IMG_5192.jpeg\",\"width\":1179,\"height\":1352,\"caption\":\"Screenshot\"},{\"@type\":\"BreadcrumbList\",\"@id\":\"https:\/\/armenia23.ru\/?p=95981#breadcrumb\",\"itemListElement\":[{\"@type\":\"ListItem\",\"position\":1,\"name\":\"Home\",\"item\":\"https:\/\/armenia23.ru\/\"},{\"@type\":\"ListItem\",\"position\":2,\"name\":\"Tato \u017eena se po profesion\u00e1ln\u00edm l\u00ed\u010den\u00ed a \u00faprav\u011b vlas\u016f \u00fapln\u011b prom\u011bnila! Te\u010f vypad\u00e1 jako mlad\u00e1 d\u00edvka.\"}]},{\"@type\":\"WebSite\",\"@id\":\"https:\/\/armenia23.ru\/#website\",\"url\":\"https:\/\/armenia23.ru\/\",\"name\":\"NEWS FROM MEDIABLOG\",\"description\":\"LATEST UPDATES\",\"potentialAction\":[{\"@type\":\"SearchAction\",\"target\":{\"@type\":\"EntryPoint\",\"urlTemplate\":\"https:\/\/armenia23.ru\/?s={search_term_string}\"},\"query-input\":{\"@type\":\"PropertyValueSpecification\",\"valueRequired\":true,\"valueName\":\"search_term_string\"}}],\"inLanguage\":\"en-US\"},{\"@type\":\"Person\",\"@id\":\"https:\/\/armenia23.ru\/#\/schema\/person\/845ca1af7e1f316095ba4980804394c4\",\"name\":\"Lilit\",\"image\":{\"@type\":\"ImageObject\",\"inLanguage\":\"en-US\",\"@id\":\"https:\/\/armenia23.ru\/#\/schema\/person\/image\/\",\"url\":\"https:\/\/secure.gravatar.com\/avatar\/582a05008c72e19f9224ee585cdb987081c8437d671493a485e5a9e3e40fd25b?s=96&d=mm&r=g\",\"contentUrl\":\"https:\/\/secure.gravatar.com\/avatar\/582a05008c72e19f9224ee585cdb987081c8437d671493a485e5a9e3e40fd25b?s=96&d=mm&r=g\",\"caption\":\"Lilit\"},\"url\":\"https:\/\/armenia23.ru\/?author=12\"}]}<\/script>\n<!-- \/ Yoast SEO plugin. -->","yoast_head_json":{"title":"Tato \u017eena se po profesion\u00e1ln\u00edm l\u00ed\u010den\u00ed a \u00faprav\u011b vlas\u016f \u00fapln\u011b prom\u011bnila! Te\u010f vypad\u00e1 jako mlad\u00e1 d\u00edvka. - NEWS FROM MEDIABLOG","robots":{"index":"index","follow":"follow","max-snippet":"max-snippet:-1","max-image-preview":"max-image-preview:large","max-video-preview":"max-video-preview:-1"},"canonical":"https:\/\/armenia23.ru\/?p=95981","og_locale":"en_US","og_type":"article","og_title":"Tato \u017eena se po profesion\u00e1ln\u00edm l\u00ed\u010den\u00ed a \u00faprav\u011b vlas\u016f \u00fapln\u011b prom\u011bnila! Te\u010f vypad\u00e1 jako mlad\u00e1 d\u00edvka. - NEWS FROM MEDIABLOG","og_description":"Tato \u017eena pro\u0161la naprosto neuv\u011b\u0159itelnou prom\u011bnou pot\u00e9, co podstoupila profesion\u00e1ln\u00ed l\u00ed\u010den\u00ed a \u00fapravu vlas\u016f, a kone\u010dn\u00fd v\u00fdsledek je t\u00e9m\u011b\u0159 k neuv\u011b\u0159en\u00ed! \ud83d\ude31\u2728 P\u0159ed","og_url":"https:\/\/armenia23.ru\/?p=95981","og_site_name":"NEWS FROM MEDIABLOG","article_published_time":"2026-09-02T18:19:24+00:00","og_image":[{"width":1179,"height":1352,"url":"https:\/\/armenia23.ru\/wp-content\/uploads\/2026\/09\/IMG_5192.jpeg","type":"image\/jpeg"}],"author":"Lilit","twitter_card":"summary_large_image","twitter_misc":{"Written by":"Lilit"},"schema":{"@context":"https:\/\/schema.org","@graph":[{"@type":"Article","@id":"https:\/\/armenia23.ru\/?p=95981#article","isPartOf":{"@id":"https:\/\/armenia23.ru\/?p=95981"},"author":{"name":"Lilit","@id":"https:\/\/armenia23.ru\/#\/schema\/person\/845ca1af7e1f316095ba4980804394c4"},"headline":"Tato \u017eena se po profesion\u00e1ln\u00edm l\u00ed\u010den\u00ed a \u00faprav\u011b vlas\u016f \u00fapln\u011b prom\u011bnila! Te\u010f vypad\u00e1 jako mlad\u00e1 d\u00edvka.","datePublished":"2026-09-02T18:19:24+00:00","mainEntityOfPage":{"@id":"https:\/\/armenia23.ru\/?p=95981"},"wordCount":239,"commentCount":0,"image":{"@id":"https:\/\/armenia23.ru\/?p=95981#primaryimage"},"thumbnailUrl":"https:\/\/armenia23.ru\/wp-content\/uploads\/2026\/09\/IMG_5192.jpeg","keywords":["Czech"],"articleSection":["Czech"],"inLanguage":"en-US","potentialAction":[{"@type":"CommentAction","name":"Comment","target":["https:\/\/armenia23.ru\/?p=95981#respond"]}]},{"@type":"WebPage","@id":"https:\/\/armenia23.ru\/?p=95981","url":"https:\/\/armenia23.ru\/?p=95981","name":"Tato \u017eena se po profesion\u00e1ln\u00edm l\u00ed\u010den\u00ed a \u00faprav\u011b vlas\u016f \u00fapln\u011b prom\u011bnila! Te\u010f vypad\u00e1 jako mlad\u00e1 d\u00edvka. - NEWS FROM MEDIABLOG","isPartOf":{"@id":"https:\/\/armenia23.ru\/#website"},"primaryImageOfPage":{"@id":"https:\/\/armenia23.ru\/?p=95981#primaryimage"},"image":{"@id":"https:\/\/armenia23.ru\/?p=95981#primaryimage"},"thumbnailUrl":"https:\/\/armenia23.ru\/wp-content\/uploads\/2026\/09\/IMG_5192.jpeg","datePublished":"2026-09-02T18:19:24+00:00","author":{"@id":"https:\/\/armenia23.ru\/#\/schema\/person\/845ca1af7e1f316095ba4980804394c4"},"breadcrumb":{"@id":"https:\/\/armenia23.ru\/?p=95981#breadcrumb"},"inLanguage":"en-US","potentialAction":[{"@type":"ReadAction","target":["https:\/\/armenia23.ru\/?p=95981"]}]},{"@type":"ImageObject","inLanguage":"en-US","@id":"https:\/\/armenia23.ru\/?p=95981#primaryimage","url":"https:\/\/armenia23.ru\/wp-content\/uploads\/2026\/09\/IMG_5192.jpeg","contentUrl":"https:\/\/armenia23.ru\/wp-content\/uploads\/2026\/09\/IMG_5192.jpeg","width":1179,"height":1352,"caption":"Screenshot"},{"@type":"BreadcrumbList","@id":"https:\/\/armenia23.ru\/?p=95981#breadcrumb","itemListElement":[{"@type":"ListItem","position":1,"name":"Home","item":"https:\/\/armenia23.ru\/"},{"@type":"ListItem","position":2,"name":"Tato \u017eena se po profesion\u00e1ln\u00edm l\u00ed\u010den\u00ed a \u00faprav\u011b vlas\u016f \u00fapln\u011b prom\u011bnila! Te\u010f vypad\u00e1 jako mlad\u00e1 d\u00edvka."}]},{"@type":"WebSite","@id":"https:\/\/armenia23.ru\/#website","url":"https:\/\/armenia23.ru\/","name":"NEWS FROM MEDIABLOG","description":"LATEST UPDATES","potentialAction":[{"@type":"SearchAction","target":{"@type":"EntryPoint","urlTemplate":"https:\/\/armenia23.ru\/?s={search_term_string}"},"query-input":{"@type":"PropertyValueSpecification","valueRequired":true,"valueName":"search_term_string"}}],"inLanguage":"en-US"},{"@type":"Person","@id":"https:\/\/armenia23.ru\/#\/schema\/person\/845ca1af7e1f316095ba4980804394c4","name":"Lilit","image":{"@type":"ImageObject","inLanguage":"en-US","@id":"https:\/\/armenia23.ru\/#\/schema\/person\/image\/","url":"https:\/\/secure.gravatar.com\/avatar\/582a05008c72e19f9224ee585cdb987081c8437d671493a485e5a9e3e40fd25b?s=96&d=mm&r=g","contentUrl":"https:\/\/secure.gravatar.com\/avatar\/582a05008c72e19f9224ee585cdb987081c8437d671493a485e5a9e3e40fd25b?s=96&d=mm&r=g","caption":"Lilit"},"url":"https:\/\/armenia23.ru\/?author=12"}]}},"_links":{"self":[{"href":"https:\/\/armenia23.ru\/index.php?rest_route=\/wp\/v2\/posts\/95981","targetHints":{"allow":["GET"]}}],"collection":[{"href":"https:\/\/armenia23.ru\/index.php?rest_route=\/wp\/v2\/posts"}],"about":[{"href":"https:\/\/armenia23.ru\/index.php?rest_route=\/wp\/v2\/types\/post"}],"author":[{"embeddable":true,"href":"https:\/\/armenia23.ru\/index.php?rest_route=\/wp\/v2\/users\/12"}],"replies":[{"embeddable":true,"href":"https:\/\/armenia23.ru\/index.php?rest_route=%2Fwp%2Fv2%2Fcomments&post=95981"}],"version-history":[{"count":1,"href":"https:\/\/armenia23.ru\/index.php?rest_route=\/wp\/v2\/posts\/95981\/revisions"}],"predecessor-version":[{"id":95982,"href":"https:\/\/armenia23.ru\/index.php?rest_route=\/wp\/v2\/posts\/95981\/revisions\/95982"}],"wp:featuredmedia":[{"embeddable":true,"href":"https:\/\/armenia23.ru\/index.php?rest_route=\/wp\/v2\/media\/95951"}],"wp:attachment":[{"href":"https:\/\/armenia23.ru\/index.php?rest_route=%2Fwp%2Fv2%2Fmedia&parent=95981"}],"wp:term":[{"taxonomy":"category","embeddable":true,"href":"https:\/\/armenia23.ru\/index.php?rest_route=%2Fwp%2Fv2%2Fcategories&post=95981"},{"taxonomy":"post_tag","embeddable":true,"href":"https:\/\/armenia23.ru\/index.php?rest_route=%2Fwp%2Fv2%2Ftags&post=95981"}],"curies":[{"name":"wp","href":"https:\/\/api.w.org\/{rel}","templated":true}]}}