{"id":96010,"date":"2026-09-03T05:39:08","date_gmt":"2026-09-03T02:39:08","guid":{"rendered":"https:\/\/armenia23.ru\/?p=96010"},"modified":"2026-09-03T05:39:08","modified_gmt":"2026-09-03T02:39:08","slug":"ugy-tunt-hogy-nincs-mod-megszabadulni-ettol-a-hatalmas-osszekuszalodott-hajcsomotol-de-aztan-minden-megvaltozott","status":"publish","type":"post","link":"https:\/\/armenia23.ru\/?p=96010","title":{"rendered":"\u00dagy t\u0171nt, hogy nincs m\u00f3d megszabadulni ett\u0151l a hatalmas, \u00f6sszekusz\u00e1l\u00f3dott hajcsom\u00f3t\u00f3l, de azt\u00e1n minden megv\u00e1ltozott!"},"content":{"rendered":"<p>Eleinte \u00fagy t\u0171nt, hogy egy\u00e1ltal\u00e1n nincs es\u00e9ly megszabadulni ett\u0151l a hatalmas, kusza \u00e9s teljesen \u00f6sszegubancol\u00f3dott hajt\u00f6megt\u0151l. \ud83d\ude31\u2728 A haj annyira vastag, gubancos \u00e9s nehezen kezelhet\u0151 lett, hogy szinte elk\u00e9pzelhetetlen volt, mit lehetne m\u00e9g kezdeni vele.<\/p>\n<p>Hossz\u00fa ideig \u00fagy t\u0171nt, hogy a helyzet teljesen rem\u00e9nytelen. A haj er\u0151sen \u00f6sszegubancol\u00f3dott \u00e9s elvesztette a form\u00e1j\u00e1t, \u00edgy m\u00e9g azt is neh\u00e9z volt l\u00e1tni, mi rejt\u0151zik a rengeteg r\u00e9teg alatt. Szinte hihetetlen volt, hogy egy ilyen l\u00e1tv\u00e1nyos \u00e1talakul\u00e1s egy\u00e1ltal\u00e1n lehets\u00e9ges.<\/p>\n<p>De azt\u00e1n minden megv\u00e1ltozott. Elkezd\u0151d\u00f6tt egy professzion\u00e1lis \u00e1talak\u00edt\u00e1s, \u00e9s l\u00e9p\u00e9sr\u0151l l\u00e9p\u00e9sre gondosan kezelt\u00e9k a kusza hajat. Ami ezut\u00e1n t\u00f6rt\u00e9nt, az egyszer\u0171en hihetetlen volt! Minden egyes l\u00e9p\u00e9ssel egyre l\u00e1tv\u00e1nyosabb\u00e1 v\u00e1lt a k\u00fcl\u00f6nbs\u00e9g, a v\u00e9geredm\u00e9ny pedig minden v\u00e1rakoz\u00e1st fel\u00fclm\u00falt. \ud83d\ude31\ud83d\ude0d<\/p>\n<p>Az \u00e1talakul\u00e1s teljesen megv\u00e1ltoztatta a megjelen\u00e9s\u00e9t. Ami kezdetben rem\u00e9nytelen helyzetnek t\u0171nt, v\u00e9g\u00fcl egy leny\u0171g\u00f6z\u0151, teljesen \u00faj megjelen\u00e9ss\u00e9 alakult. Hihetetlen, mire k\u00e9pes a megfelel\u0151 \u00e1pol\u00e1s, a t\u00fcrelem \u00e9s egy profi szakember munk\u00e1ja.<\/p>\n<p>A v\u00e9geredm\u00e9nyt mindenk\u00e9ppen l\u00e1tnod kell saj\u00e1t szemeddel \u2014 a k\u00fcl\u00f6nbs\u00e9g az \u00e1talak\u00edt\u00e1s el\u0151tt \u00e9s ut\u00e1n egyszer\u0171en elk\u00e9peszt\u0151! \u2728<\/p>\n<p>N\u00e9zd meg itt a teljes \u00e1talakul\u00e1st, \u00e9s fedezd fel, hogyan lett ebb\u0151l a l\u00e1tsz\u00f3lag lehetetlen hajhelyzetb\u0151l leny\u0171g\u00f6z\u0151 eredm\u00e9ny! \ud83d\udc47<\/p>\n<p><img loading=\"lazy\" decoding=\"async\" src=\"https:\/\/armenia23.ru\/wp-content\/uploads\/2026\/09\/IMG_5240.jpeg\" alt=\"\" width=\"1179\" height=\"1818\" class=\"alignnone size-full wp-image-95992\" \/><\/p>\n","protected":false},"excerpt":{"rendered":"Eleinte \u00fagy t\u0171nt, hogy egy\u00e1ltal\u00e1n nincs es\u00e9ly megszabadulni ett\u0151l a hatalmas, kusza \u00e9s teljesen \u00f6sszegubancol\u00f3dott hajt\u00f6megt\u0151l. \ud83d\ude31\u2728 A haj annyira vastag, gubancos \u00e9s \n<a class=\"moretag\" href=\"https:\/\/armenia23.ru\/?p=96010\"> [...]<\/a>","protected":false},"author":12,"featured_media":95993,"comment_status":"open","ping_status":"open","sticky":false,"template":"","format":"standard","meta":{"footnotes":""},"categories":[963],"tags":[964],"class_list":["post-96010","post","type-post","status-publish","format-standard","has-post-thumbnail","hentry","category-hungary","tag-hungary"],"yoast_head":"<!-- This site is optimized with the Yoast SEO plugin v26.8 - https:\/\/yoast.com\/product\/yoast-seo-wordpress\/ -->\n<title>\u00dagy t\u0171nt, hogy nincs m\u00f3d megszabadulni ett\u0151l a hatalmas, \u00f6sszekusz\u00e1l\u00f3dott hajcsom\u00f3t\u00f3l, de azt\u00e1n minden megv\u00e1ltozott! - NEWS FROM MEDIABLOG<\/title>\n<meta name=\"robots\" content=\"index, follow, max-snippet:-1, max-image-preview:large, max-video-preview:-1\" \/>\n<link rel=\"canonical\" href=\"https:\/\/armenia23.ru\/?p=96010\" \/>\n<meta property=\"og:locale\" content=\"en_US\" \/>\n<meta property=\"og:type\" content=\"article\" \/>\n<meta property=\"og:title\" content=\"\u00dagy t\u0171nt, hogy nincs m\u00f3d megszabadulni ett\u0151l a hatalmas, \u00f6sszekusz\u00e1l\u00f3dott hajcsom\u00f3t\u00f3l, de azt\u00e1n minden megv\u00e1ltozott! - NEWS FROM MEDIABLOG\" \/>\n<meta property=\"og:description\" content=\"Eleinte \u00fagy t\u0171nt, hogy egy\u00e1ltal\u00e1n nincs es\u00e9ly megszabadulni ett\u0151l a hatalmas, kusza \u00e9s teljesen \u00f6sszegubancol\u00f3dott hajt\u00f6megt\u0151l. \ud83d\ude31\u2728 A haj annyira vastag, gubancos \u00e9s\" \/>\n<meta property=\"og:url\" content=\"https:\/\/armenia23.ru\/?p=96010\" \/>\n<meta property=\"og:site_name\" content=\"NEWS FROM MEDIABLOG\" \/>\n<meta property=\"article:published_time\" content=\"2026-09-03T02:39:08+00:00\" \/>\n<meta property=\"og:image\" content=\"https:\/\/armenia23.ru\/wp-content\/uploads\/2026\/09\/IMG_5239.jpeg\" \/>\n\t<meta property=\"og:image:width\" content=\"1179\" \/>\n\t<meta property=\"og:image:height\" content=\"1003\" \/>\n\t<meta property=\"og:image:type\" content=\"image\/jpeg\" \/>\n<meta name=\"author\" content=\"Lilit\" \/>\n<meta name=\"twitter:card\" content=\"summary_large_image\" \/>\n<meta name=\"twitter:label1\" content=\"Written by\" \/>\n\t<meta name=\"twitter:data1\" content=\"Lilit\" \/>\n<script type=\"application\/ld+json\" class=\"yoast-schema-graph\">{\"@context\":\"https:\/\/schema.org\",\"@graph\":[{\"@type\":\"Article\",\"@id\":\"https:\/\/armenia23.ru\/?p=96010#article\",\"isPartOf\":{\"@id\":\"https:\/\/armenia23.ru\/?p=96010\"},\"author\":{\"name\":\"Lilit\",\"@id\":\"https:\/\/armenia23.ru\/#\/schema\/person\/845ca1af7e1f316095ba4980804394c4\"},\"headline\":\"\u00dagy t\u0171nt, hogy nincs m\u00f3d megszabadulni ett\u0151l a hatalmas, \u00f6sszekusz\u00e1l\u00f3dott hajcsom\u00f3t\u00f3l, de azt\u00e1n minden megv\u00e1ltozott!\",\"datePublished\":\"2026-09-03T02:39:08+00:00\",\"mainEntityOfPage\":{\"@id\":\"https:\/\/armenia23.ru\/?p=96010\"},\"wordCount\":296,\"commentCount\":0,\"image\":{\"@id\":\"https:\/\/armenia23.ru\/?p=96010#primaryimage\"},\"thumbnailUrl\":\"https:\/\/armenia23.ru\/wp-content\/uploads\/2026\/09\/IMG_5239.jpeg\",\"keywords\":[\"Hungary\"],\"articleSection\":[\"Hungary\"],\"inLanguage\":\"en-US\",\"potentialAction\":[{\"@type\":\"CommentAction\",\"name\":\"Comment\",\"target\":[\"https:\/\/armenia23.ru\/?p=96010#respond\"]}]},{\"@type\":\"WebPage\",\"@id\":\"https:\/\/armenia23.ru\/?p=96010\",\"url\":\"https:\/\/armenia23.ru\/?p=96010\",\"name\":\"\u00dagy t\u0171nt, hogy nincs m\u00f3d megszabadulni ett\u0151l a hatalmas, \u00f6sszekusz\u00e1l\u00f3dott hajcsom\u00f3t\u00f3l, de azt\u00e1n minden megv\u00e1ltozott! - NEWS FROM MEDIABLOG\",\"isPartOf\":{\"@id\":\"https:\/\/armenia23.ru\/#website\"},\"primaryImageOfPage\":{\"@id\":\"https:\/\/armenia23.ru\/?p=96010#primaryimage\"},\"image\":{\"@id\":\"https:\/\/armenia23.ru\/?p=96010#primaryimage\"},\"thumbnailUrl\":\"https:\/\/armenia23.ru\/wp-content\/uploads\/2026\/09\/IMG_5239.jpeg\",\"datePublished\":\"2026-09-03T02:39:08+00:00\",\"author\":{\"@id\":\"https:\/\/armenia23.ru\/#\/schema\/person\/845ca1af7e1f316095ba4980804394c4\"},\"breadcrumb\":{\"@id\":\"https:\/\/armenia23.ru\/?p=96010#breadcrumb\"},\"inLanguage\":\"en-US\",\"potentialAction\":[{\"@type\":\"ReadAction\",\"target\":[\"https:\/\/armenia23.ru\/?p=96010\"]}]},{\"@type\":\"ImageObject\",\"inLanguage\":\"en-US\",\"@id\":\"https:\/\/armenia23.ru\/?p=96010#primaryimage\",\"url\":\"https:\/\/armenia23.ru\/wp-content\/uploads\/2026\/09\/IMG_5239.jpeg\",\"contentUrl\":\"https:\/\/armenia23.ru\/wp-content\/uploads\/2026\/09\/IMG_5239.jpeg\",\"width\":1179,\"height\":1003,\"caption\":\"Screenshot\"},{\"@type\":\"BreadcrumbList\",\"@id\":\"https:\/\/armenia23.ru\/?p=96010#breadcrumb\",\"itemListElement\":[{\"@type\":\"ListItem\",\"position\":1,\"name\":\"Home\",\"item\":\"https:\/\/armenia23.ru\/\"},{\"@type\":\"ListItem\",\"position\":2,\"name\":\"\u00dagy t\u0171nt, hogy nincs m\u00f3d megszabadulni ett\u0151l a hatalmas, \u00f6sszekusz\u00e1l\u00f3dott hajcsom\u00f3t\u00f3l, de azt\u00e1n minden megv\u00e1ltozott!\"}]},{\"@type\":\"WebSite\",\"@id\":\"https:\/\/armenia23.ru\/#website\",\"url\":\"https:\/\/armenia23.ru\/\",\"name\":\"NEWS FROM MEDIABLOG\",\"description\":\"LATEST UPDATES\",\"potentialAction\":[{\"@type\":\"SearchAction\",\"target\":{\"@type\":\"EntryPoint\",\"urlTemplate\":\"https:\/\/armenia23.ru\/?s={search_term_string}\"},\"query-input\":{\"@type\":\"PropertyValueSpecification\",\"valueRequired\":true,\"valueName\":\"search_term_string\"}}],\"inLanguage\":\"en-US\"},{\"@type\":\"Person\",\"@id\":\"https:\/\/armenia23.ru\/#\/schema\/person\/845ca1af7e1f316095ba4980804394c4\",\"name\":\"Lilit\",\"image\":{\"@type\":\"ImageObject\",\"inLanguage\":\"en-US\",\"@id\":\"https:\/\/armenia23.ru\/#\/schema\/person\/image\/\",\"url\":\"https:\/\/secure.gravatar.com\/avatar\/582a05008c72e19f9224ee585cdb987081c8437d671493a485e5a9e3e40fd25b?s=96&d=mm&r=g\",\"contentUrl\":\"https:\/\/secure.gravatar.com\/avatar\/582a05008c72e19f9224ee585cdb987081c8437d671493a485e5a9e3e40fd25b?s=96&d=mm&r=g\",\"caption\":\"Lilit\"},\"url\":\"https:\/\/armenia23.ru\/?author=12\"}]}<\/script>\n<!-- \/ Yoast SEO plugin. -->","yoast_head_json":{"title":"\u00dagy t\u0171nt, hogy nincs m\u00f3d megszabadulni ett\u0151l a hatalmas, \u00f6sszekusz\u00e1l\u00f3dott hajcsom\u00f3t\u00f3l, de azt\u00e1n minden megv\u00e1ltozott! - NEWS FROM MEDIABLOG","robots":{"index":"index","follow":"follow","max-snippet":"max-snippet:-1","max-image-preview":"max-image-preview:large","max-video-preview":"max-video-preview:-1"},"canonical":"https:\/\/armenia23.ru\/?p=96010","og_locale":"en_US","og_type":"article","og_title":"\u00dagy t\u0171nt, hogy nincs m\u00f3d megszabadulni ett\u0151l a hatalmas, \u00f6sszekusz\u00e1l\u00f3dott hajcsom\u00f3t\u00f3l, de azt\u00e1n minden megv\u00e1ltozott! - NEWS FROM MEDIABLOG","og_description":"Eleinte \u00fagy t\u0171nt, hogy egy\u00e1ltal\u00e1n nincs es\u00e9ly megszabadulni ett\u0151l a hatalmas, kusza \u00e9s teljesen \u00f6sszegubancol\u00f3dott hajt\u00f6megt\u0151l. \ud83d\ude31\u2728 A haj annyira vastag, gubancos \u00e9s","og_url":"https:\/\/armenia23.ru\/?p=96010","og_site_name":"NEWS FROM MEDIABLOG","article_published_time":"2026-09-03T02:39:08+00:00","og_image":[{"width":1179,"height":1003,"url":"https:\/\/armenia23.ru\/wp-content\/uploads\/2026\/09\/IMG_5239.jpeg","type":"image\/jpeg"}],"author":"Lilit","twitter_card":"summary_large_image","twitter_misc":{"Written by":"Lilit"},"schema":{"@context":"https:\/\/schema.org","@graph":[{"@type":"Article","@id":"https:\/\/armenia23.ru\/?p=96010#article","isPartOf":{"@id":"https:\/\/armenia23.ru\/?p=96010"},"author":{"name":"Lilit","@id":"https:\/\/armenia23.ru\/#\/schema\/person\/845ca1af7e1f316095ba4980804394c4"},"headline":"\u00dagy t\u0171nt, hogy nincs m\u00f3d megszabadulni ett\u0151l a hatalmas, \u00f6sszekusz\u00e1l\u00f3dott hajcsom\u00f3t\u00f3l, de azt\u00e1n minden megv\u00e1ltozott!","datePublished":"2026-09-03T02:39:08+00:00","mainEntityOfPage":{"@id":"https:\/\/armenia23.ru\/?p=96010"},"wordCount":296,"commentCount":0,"image":{"@id":"https:\/\/armenia23.ru\/?p=96010#primaryimage"},"thumbnailUrl":"https:\/\/armenia23.ru\/wp-content\/uploads\/2026\/09\/IMG_5239.jpeg","keywords":["Hungary"],"articleSection":["Hungary"],"inLanguage":"en-US","potentialAction":[{"@type":"CommentAction","name":"Comment","target":["https:\/\/armenia23.ru\/?p=96010#respond"]}]},{"@type":"WebPage","@id":"https:\/\/armenia23.ru\/?p=96010","url":"https:\/\/armenia23.ru\/?p=96010","name":"\u00dagy t\u0171nt, hogy nincs m\u00f3d megszabadulni ett\u0151l a hatalmas, \u00f6sszekusz\u00e1l\u00f3dott hajcsom\u00f3t\u00f3l, de azt\u00e1n minden megv\u00e1ltozott! - NEWS FROM MEDIABLOG","isPartOf":{"@id":"https:\/\/armenia23.ru\/#website"},"primaryImageOfPage":{"@id":"https:\/\/armenia23.ru\/?p=96010#primaryimage"},"image":{"@id":"https:\/\/armenia23.ru\/?p=96010#primaryimage"},"thumbnailUrl":"https:\/\/armenia23.ru\/wp-content\/uploads\/2026\/09\/IMG_5239.jpeg","datePublished":"2026-09-03T02:39:08+00:00","author":{"@id":"https:\/\/armenia23.ru\/#\/schema\/person\/845ca1af7e1f316095ba4980804394c4"},"breadcrumb":{"@id":"https:\/\/armenia23.ru\/?p=96010#breadcrumb"},"inLanguage":"en-US","potentialAction":[{"@type":"ReadAction","target":["https:\/\/armenia23.ru\/?p=96010"]}]},{"@type":"ImageObject","inLanguage":"en-US","@id":"https:\/\/armenia23.ru\/?p=96010#primaryimage","url":"https:\/\/armenia23.ru\/wp-content\/uploads\/2026\/09\/IMG_5239.jpeg","contentUrl":"https:\/\/armenia23.ru\/wp-content\/uploads\/2026\/09\/IMG_5239.jpeg","width":1179,"height":1003,"caption":"Screenshot"},{"@type":"BreadcrumbList","@id":"https:\/\/armenia23.ru\/?p=96010#breadcrumb","itemListElement":[{"@type":"ListItem","position":1,"name":"Home","item":"https:\/\/armenia23.ru\/"},{"@type":"ListItem","position":2,"name":"\u00dagy t\u0171nt, hogy nincs m\u00f3d megszabadulni ett\u0151l a hatalmas, \u00f6sszekusz\u00e1l\u00f3dott hajcsom\u00f3t\u00f3l, de azt\u00e1n minden megv\u00e1ltozott!"}]},{"@type":"WebSite","@id":"https:\/\/armenia23.ru\/#website","url":"https:\/\/armenia23.ru\/","name":"NEWS FROM MEDIABLOG","description":"LATEST UPDATES","potentialAction":[{"@type":"SearchAction","target":{"@type":"EntryPoint","urlTemplate":"https:\/\/armenia23.ru\/?s={search_term_string}"},"query-input":{"@type":"PropertyValueSpecification","valueRequired":true,"valueName":"search_term_string"}}],"inLanguage":"en-US"},{"@type":"Person","@id":"https:\/\/armenia23.ru\/#\/schema\/person\/845ca1af7e1f316095ba4980804394c4","name":"Lilit","image":{"@type":"ImageObject","inLanguage":"en-US","@id":"https:\/\/armenia23.ru\/#\/schema\/person\/image\/","url":"https:\/\/secure.gravatar.com\/avatar\/582a05008c72e19f9224ee585cdb987081c8437d671493a485e5a9e3e40fd25b?s=96&d=mm&r=g","contentUrl":"https:\/\/secure.gravatar.com\/avatar\/582a05008c72e19f9224ee585cdb987081c8437d671493a485e5a9e3e40fd25b?s=96&d=mm&r=g","caption":"Lilit"},"url":"https:\/\/armenia23.ru\/?author=12"}]}},"_links":{"self":[{"href":"https:\/\/armenia23.ru\/index.php?rest_route=\/wp\/v2\/posts\/96010","targetHints":{"allow":["GET"]}}],"collection":[{"href":"https:\/\/armenia23.ru\/index.php?rest_route=\/wp\/v2\/posts"}],"about":[{"href":"https:\/\/armenia23.ru\/index.php?rest_route=\/wp\/v2\/types\/post"}],"author":[{"embeddable":true,"href":"https:\/\/armenia23.ru\/index.php?rest_route=\/wp\/v2\/users\/12"}],"replies":[{"embeddable":true,"href":"https:\/\/armenia23.ru\/index.php?rest_route=%2Fwp%2Fv2%2Fcomments&post=96010"}],"version-history":[{"count":1,"href":"https:\/\/armenia23.ru\/index.php?rest_route=\/wp\/v2\/posts\/96010\/revisions"}],"predecessor-version":[{"id":96011,"href":"https:\/\/armenia23.ru\/index.php?rest_route=\/wp\/v2\/posts\/96010\/revisions\/96011"}],"wp:featuredmedia":[{"embeddable":true,"href":"https:\/\/armenia23.ru\/index.php?rest_route=\/wp\/v2\/media\/95993"}],"wp:attachment":[{"href":"https:\/\/armenia23.ru\/index.php?rest_route=%2Fwp%2Fv2%2Fmedia&parent=96010"}],"wp:term":[{"taxonomy":"category","embeddable":true,"href":"https:\/\/armenia23.ru\/index.php?rest_route=%2Fwp%2Fv2%2Fcategories&post=96010"},{"taxonomy":"post_tag","embeddable":true,"href":"https:\/\/armenia23.ru\/index.php?rest_route=%2Fwp%2Fv2%2Ftags&post=96010"}],"curies":[{"name":"wp","href":"https:\/\/api.w.org\/{rel}","templated":true}]}}